{"id":250364,"date":"2025-09-18T18:06:29","date_gmt":"2025-09-18T16:06:29","guid":{"rendered":"https:\/\/www.messinaoggi.it\/website\/2025\/09\/18\/engel-volkers-punta-su-fregene-e-partnership-con-bagno-saint-tropez\/"},"modified":"2025-09-18T18:06:29","modified_gmt":"2025-09-18T16:06:29","slug":"engel-volkers-punta-su-fregene-e-partnership-con-bagno-saint-tropez","status":"publish","type":"post","link":"https:\/\/www.messinaoggi.it\/website\/2025\/09\/18\/engel-volkers-punta-su-fregene-e-partnership-con-bagno-saint-tropez\/","title":{"rendered":"Engel &amp; V\u00f2lkers punta su Fregene e partnership con Bagno Saint Tropez"},"content":{"rendered":"<div>ROMA (ITALPRESS) &#8211; Engel &amp; V\u00f2lkers Italia, leader internazionale nel segmento Real Estate di pregio, punta su Fregene e sulle aree limitrofe del litorale romano. Una zona che gode di una posizione strategica vicina alla Capitale e all&#8217;aeroporto di Fiumicino, capace di coniugare natura, servizi di alto livello e un&#8217;atmosfera rilassata e raffinata.<br \/>&#8220;Fregene si conferma tra le destinazioni pi\u00f9 esclusive del litorale laziale, ideale per una clientela esigente alla ricerca di una buona qualit\u00e0 di vita, di privacy e comfort &#8211; ha dichiarato Giuseppe Romano, Team Leader di Engel &amp; V\u00f2lkers Roma -. Per questo continuiamo a investire in quest&#8217;area con l&#8217;obiettivo di intercettare una domanda nazionale e internazionale sempre pi\u00f9 dinamica e in continua evoluzione&#8221;.<br \/>A conferma della crescente attenzione di Engel &amp; V\u00f2lkers per quest&#8217;area del litorale romano, nasce una nuova partnership con Bagno Saint Tropez, stabilimento balneare inaugurato lo scorso anno con l&#8217;intento di riportare a Fregene il fascino della tradizione balneare degli anni &#8217;60 e &#8217;70, reinterpretata in chiave contemporanea.<br \/>&#8220;Questa collaborazione si fonda su valori condivisi: centralit\u00e0 del cliente, cura dei dettagli e costante ricerca dell&#8217;eccellenza. L&#8217;obiettivo comune \u00e8 offrire agli ospiti un&#8217;esperienza che vada oltre la semplice ospitalit\u00e0, rafforzando il legame tra territorio, qualit\u00e0 e stile italiano &#8211; si legge in una nota -. L&#8217;unione tra Engel &amp; V\u00f2lkers e Bagno Saint Tropez rappresenta un passo significativo nel rilancio del litorale romano come destinazione di prestigio, capace di attrarre sempre pi\u00f9 acquirenti italiani e internazionali&#8221;.<br \/>Nonostante la forte vitalit\u00e0 del mercato di pregio locale, trainato da una domanda in crescita costante, l&#8217;offerta di immobili top di gamma resta limitata, contribuendo alla crescita dei valori immobiliari, che a giugno 2025 hanno registrato un incremento annuo del +3,9%. Questo segmento si distingue per la sua elevata stabilit\u00e0 e resilienza, confermandosi un investimento solido anche in tempi incerti.<br \/>Il mercato \u00e8 infatti dominato da ville e villini indipendenti, spesso con ampi giardini, piscine e posizioni privilegiate. L&#8217;architettura spazia dal moderno al classico, con materiali pregiati e attenzione al dettaglio. Sono presenti anche bifamiliari, trifamiliari e rari appartamenti di pregio, spesso in contesti esclusivi con piscina.<br \/>I fattori che influenzano il valore di queste propriet\u00e0 includono la posizione (vicina al mare o alla pineta), la metratura, lo stato dell&#8217;immobile, le dotazioni di pregio come piscina, domotica e finiture di lusso, oltre alla garanzia di privacy.<br \/>I prezzi al metro quadro variano da 4.000 a 8.000 euro\/mq per le ville di lusso, con propriet\u00e0 particolarmente esclusive che toccano picchi da 750.000 a 3.000.000 + euro\/mq.<br \/>Molto presenti nella zona anche ville bifamiliari di prestigio con prezzi dai 450.000 a 850.000 euro\/mq e appartamenti di lusso compresi in una forbice tra 3.500 e 4.000 euro\/mq dotate di terrazzi e vista mare. <br \/>Sul fronte degli affitti estivi, i canoni possono raggiungere i 15.000 euro al mese per ville fronte mare.<br \/>&#8220;Per venire incontro anche al mercato pi\u00f9 semplice e dinamico ci sono appartamenti di piccole\/medie metrature in complessi residenziali molto interessanti anche non fronte mare&#8221;, sottolinea Engel &amp; V\u00f2lkers. <div id=\"div-gpt-ad-Messinaoggi.it-DSK-300x250-corpoart\" style=\"text-align:center;margin:0 auto;\"><\/div><\/p>\n<p>&#8211; News in collaborazione con Engel &amp; V\u00f2lkers &#8211;<br \/>&#8211; Foto ufficio stampa Engel &amp; V\u00f2lkers &#8211;<div id=\"videoincontent\" style=\"clear:both\";><\/div><\/p>\n<p>(ITALPRESS).<\/p><\/div>\n","protected":false},"excerpt":{"rendered":"<p>ROMA (ITALPRESS) &#8211; Engel &amp; V\u00f2lkers Italia, leader internazionale nel segmento Real Estate di pregio, punta su Fregene e sulle aree limitrofe del litorale romano. Una zona che gode di una posizione strategica vicina alla Capitale e all&#8217;aeroporto di Fiumicino, capace di coniugare natura, servizi di alto livello e un&#8217;atmosfera rilassata e raffinata.&#8220;Fregene si conferma [&hellip;]<\/p>\n","protected":false},"author":18,"featured_media":250365,"comment_status":"closed","ping_status":"closed","sticky":false,"template":"","format":"standard","meta":{"ub_ctt_via":"","_mi_skip_tracking":false},"categories":[446],"tags":[783],"featured_image_src":"https:\/\/www.messinaoggi.it\/website\/wp-content\/uploads\/2025\/09\/20250918_2091.jpg","author_info":{"display_name":"Admin","author_link":"https:\/\/www.messinaoggi.it\/website\/author\/admin\/"},"digistream_id":0,"digistream":false,"_links":{"self":[{"href":"https:\/\/www.messinaoggi.it\/website\/wp-json\/wp\/v2\/posts\/250364"}],"collection":[{"href":"https:\/\/www.messinaoggi.it\/website\/wp-json\/wp\/v2\/posts"}],"about":[{"href":"https:\/\/www.messinaoggi.it\/website\/wp-json\/wp\/v2\/types\/post"}],"author":[{"embeddable":true,"href":"https:\/\/www.messinaoggi.it\/website\/wp-json\/wp\/v2\/users\/18"}],"replies":[{"embeddable":true,"href":"https:\/\/www.messinaoggi.it\/website\/wp-json\/wp\/v2\/comments?post=250364"}],"version-history":[{"count":0,"href":"https:\/\/www.messinaoggi.it\/website\/wp-json\/wp\/v2\/posts\/250364\/revisions"}],"wp:featuredmedia":[{"embeddable":true,"href":"https:\/\/www.messinaoggi.it\/website\/wp-json\/wp\/v2\/media\/250365"}],"wp:attachment":[{"href":"https:\/\/www.messinaoggi.it\/website\/wp-json\/wp\/v2\/media?parent=250364"}],"wp:term":[{"taxonomy":"category","embeddable":true,"href":"https:\/\/www.messinaoggi.it\/website\/wp-json\/wp\/v2\/categories?post=250364"},{"taxonomy":"post_tag","embeddable":true,"href":"https:\/\/www.messinaoggi.it\/website\/wp-json\/wp\/v2\/tags?post=250364"}],"curies":[{"name":"wp","href":"https:\/\/api.w.org\/{rel}","templated":true}]}}