{"id":250335,"date":"2025-09-18T11:44:33","date_gmt":"2025-09-18T09:44:33","guid":{"rendered":"http:\/\/www.messinaoggi.it\/website\/?p=250335"},"modified":"2025-09-18T11:44:35","modified_gmt":"2025-09-18T09:44:35","slug":"cgil-in-piazza-per-la-palestina-domani-mobilitazione-con-maurizio-landini","status":"publish","type":"post","link":"https:\/\/www.messinaoggi.it\/website\/2025\/09\/18\/cgil-in-piazza-per-la-palestina-domani-mobilitazione-con-maurizio-landini\/","title":{"rendered":"Cgil in piazza per la Palestina: domani mobilitazione con Maurizio Landini"},"content":{"rendered":"\n<p>La mobilitazione nazionale per la Palestina far\u00e0 tappa anche a Messina. Domani, venerd\u00ec 19 settembre, la Cgil ha deciso di spostare in piazza \u2013 e non pi\u00f9 nella sede della Camera del Lavoro \u2013 l\u2019iniziativa prevista nell\u2019ambito della giornata di solidariet\u00e0 con Gaza.<div id=\"div-gpt-ad-Messinaoggi.it-DSK-300x250-corpoart\" style=\"text-align:center;margin:0 auto;\"><\/div><\/p>\n\n\n\n<p>L\u2019appuntamento \u00e8 alle 18:30 in piazza Unione Europea, dove si terr\u00e0 una manifestazione aperta a tutta la cittadinanza. Sar\u00e0 presente anche il segretario generale della Cgil, <strong>Maurizio Landini<\/strong>, insieme ad associazioni e al movimento <strong>Messina per la Palestina.<\/strong><div id=\"videoincontent\" style=\"clear:both\";><\/div><\/p>\n\n\n\n<p>\u00abQuello di venerd\u00ec doveva essere uno spazio di riflessione e dibattito nella sede del sindacato \u2013 spiega il segretario generale della Cgil Messina, Pietro Patti \u2013 ma davanti alla gravit\u00e0 e alla drammaticit\u00e0 di quanto sta succedendo e alla necessit\u00e0 di non rimanere indifferenti, la nostra iniziativa diventer\u00e0 uno spazio aperto sulla pace nella centrale piazza cittadina. Contro il genocidio e lo sterminio di un intero popolo continuiamo a mobilitarci\u00bb.<\/p>\n\n\n\n<p>La manifestazione, sottolinea la Cgil, intende riaffermare i principi di giustizia, pace, diritti umani e autodeterminazione del popolo palestinese.<\/p>\n\n\n\n<p>L\u2019invito alla partecipazione \u00e8 rivolto a tutti i cittadini.<\/p>\n","protected":false},"excerpt":{"rendered":"<p>La mobilitazione nazionale per la Palestina far\u00e0 tappa anche a Messina. Domani, venerd\u00ec 19 settembre, la Cgil ha deciso di spostare in piazza \u2013 e non pi\u00f9 nella sede della Camera del Lavoro \u2013 l\u2019iniziativa prevista nell\u2019ambito della giornata di solidariet\u00e0 con Gaza. L\u2019appuntamento \u00e8 alle 18:30 in piazza Unione Europea, dove si terr\u00e0 una [&hellip;]<\/p>\n","protected":false},"author":15,"featured_media":250339,"comment_status":"open","ping_status":"open","sticky":false,"template":"","format":"standard","meta":{"ub_ctt_via":"","_mi_skip_tracking":false},"categories":[4,6],"tags":[2002,9623,9617,6446,5833],"featured_image_src":"https:\/\/www.messinaoggi.it\/website\/wp-content\/uploads\/2025\/09\/Screenshot_20250918_114300_Facebook.jpg","author_info":{"display_name":"red.me","author_link":"https:\/\/www.messinaoggi.it\/website\/author\/red-me\/"},"digistream_id":0,"digistream":false,"_links":{"self":[{"href":"https:\/\/www.messinaoggi.it\/website\/wp-json\/wp\/v2\/posts\/250335"}],"collection":[{"href":"https:\/\/www.messinaoggi.it\/website\/wp-json\/wp\/v2\/posts"}],"about":[{"href":"https:\/\/www.messinaoggi.it\/website\/wp-json\/wp\/v2\/types\/post"}],"author":[{"embeddable":true,"href":"https:\/\/www.messinaoggi.it\/website\/wp-json\/wp\/v2\/users\/15"}],"replies":[{"embeddable":true,"href":"https:\/\/www.messinaoggi.it\/website\/wp-json\/wp\/v2\/comments?post=250335"}],"version-history":[{"count":3,"href":"https:\/\/www.messinaoggi.it\/website\/wp-json\/wp\/v2\/posts\/250335\/revisions"}],"predecessor-version":[{"id":250338,"href":"https:\/\/www.messinaoggi.it\/website\/wp-json\/wp\/v2\/posts\/250335\/revisions\/250338"}],"wp:featuredmedia":[{"embeddable":true,"href":"https:\/\/www.messinaoggi.it\/website\/wp-json\/wp\/v2\/media\/250339"}],"wp:attachment":[{"href":"https:\/\/www.messinaoggi.it\/website\/wp-json\/wp\/v2\/media?parent=250335"}],"wp:term":[{"taxonomy":"category","embeddable":true,"href":"https:\/\/www.messinaoggi.it\/website\/wp-json\/wp\/v2\/categories?post=250335"},{"taxonomy":"post_tag","embeddable":true,"href":"https:\/\/www.messinaoggi.it\/website\/wp-json\/wp\/v2\/tags?post=250335"}],"curies":[{"name":"wp","href":"https:\/\/api.w.org\/{rel}","templated":true}]}}