{"id":250333,"date":"2025-09-18T11:32:16","date_gmt":"2025-09-18T09:32:16","guid":{"rendered":"https:\/\/www.messinaoggi.it\/website\/2025\/09\/18\/med-or-italian-foundation-al-via-a-palermo-la-tre-giorni-internazionale\/"},"modified":"2025-09-18T11:32:16","modified_gmt":"2025-09-18T09:32:16","slug":"med-or-italian-foundation-al-via-a-palermo-la-tre-giorni-internazionale","status":"publish","type":"post","link":"https:\/\/www.messinaoggi.it\/website\/2025\/09\/18\/med-or-italian-foundation-al-via-a-palermo-la-tre-giorni-internazionale\/","title":{"rendered":"Med-Or Italian Foundation, al via a Palermo la tre giorni internazionale"},"content":{"rendered":"<div>\n<p>PALERMO (ITALPRESS) \u2013 Si \u00e8 svolta oggi, 17 settembre, a Palermo la <strong>seconda riunione dell\u2019International Board della MedOr Italian Foundation<\/strong>, che ha dato il via ai lavori della tre giorni di attivit\u00e0 e incontri promossi dalla Fondazione in Sicilia. Infatti, nelle giornate di gioved\u00ec 18 e venerd\u00ec 19 settembre, avr\u00e0 luogo l\u2019evento \u201cPalermo, crocevia del Mediterraneo\u201d, conferenza internazionale che sar\u00e0 aperta dal sindaco di Palermo, Roberto Lagalla, e vedr\u00e0 gli interventi del ministro dell\u2019Interno, Matteo Piantedosi, dell\u2019Universit\u00e0 e della Ricerca, Anna Maria Bernini, e della Cultura, Alessandro Giuli. Nel corso delle due giornate, oltre alla partecipazione dei ministri, sono previsti anche quattro sessioni di dibattito in cui si alterneranno numerosi interventi di esperti internazionali, accademici, rappresentanti delle istituzioni per discutere di geopolitica, sicurezza, innovazione e ricerca, diplomazia culturale.<div id=\"div-gpt-ad-Messinaoggi.it-DSK-300x250-corpoart\" style=\"text-align:center;margin:0 auto;\"><\/div><\/p>\n<p>Durante la riunione dell\u2019International Board della Fondazione, che raccoglie al suo interno personalit\u00e0 di spicco provenienti da 29 diversi paesi, s<strong>i \u00e8 discusso dei principali temi dell\u2019attualit\u00e0 politica internazionale e dell\u2019importanza del confronto e del dialogo tra l\u2019Occidente e il Sud del mondo<\/strong>, rilanciando con forza l\u2019importanza del dialogo e della cooperazione. In particolare, sono state discusse alcune possibili iniziative di collaborazione di cui Med-Or potr\u00e0 farsi portavoce, rivolte ai paesi arabi e africani, con l\u2019obiettivo di rafforzare le relazioni tra i paesi dei tre continenti che affacciano sul Mediterraneo.<div id=\"videoincontent\" style=\"clear:both\";><\/div><\/p>\n<p>\u2013 Foto MedOr Italian Foundation \u2013<\/p>\n<p>(ITALPRESS).<\/p>\n<\/div>\n","protected":false},"excerpt":{"rendered":"<p>PALERMO (ITALPRESS) \u2013 Si \u00e8 svolta oggi, 17 settembre, a Palermo la seconda riunione dell\u2019International Board della MedOr Italian Foundation, che ha dato il via ai lavori della tre giorni di attivit\u00e0 e incontri promossi dalla Fondazione in Sicilia. Infatti, nelle giornate di gioved\u00ec 18 e venerd\u00ec 19 settembre, avr\u00e0 luogo l\u2019evento \u201cPalermo, crocevia del [&hellip;]<\/p>\n","protected":false},"author":18,"featured_media":250334,"comment_status":"closed","ping_status":"closed","sticky":false,"template":"","format":"standard","meta":{"ub_ctt_via":"","_mi_skip_tracking":false},"categories":[2449],"tags":[783],"featured_image_src":"https:\/\/www.messinaoggi.it\/website\/wp-content\/uploads\/2025\/09\/Med-Or.png","author_info":{"display_name":"Admin","author_link":"https:\/\/www.messinaoggi.it\/website\/author\/admin\/"},"digistream_id":0,"digistream":false,"_links":{"self":[{"href":"https:\/\/www.messinaoggi.it\/website\/wp-json\/wp\/v2\/posts\/250333"}],"collection":[{"href":"https:\/\/www.messinaoggi.it\/website\/wp-json\/wp\/v2\/posts"}],"about":[{"href":"https:\/\/www.messinaoggi.it\/website\/wp-json\/wp\/v2\/types\/post"}],"author":[{"embeddable":true,"href":"https:\/\/www.messinaoggi.it\/website\/wp-json\/wp\/v2\/users\/18"}],"replies":[{"embeddable":true,"href":"https:\/\/www.messinaoggi.it\/website\/wp-json\/wp\/v2\/comments?post=250333"}],"version-history":[{"count":0,"href":"https:\/\/www.messinaoggi.it\/website\/wp-json\/wp\/v2\/posts\/250333\/revisions"}],"wp:featuredmedia":[{"embeddable":true,"href":"https:\/\/www.messinaoggi.it\/website\/wp-json\/wp\/v2\/media\/250334"}],"wp:attachment":[{"href":"https:\/\/www.messinaoggi.it\/website\/wp-json\/wp\/v2\/media?parent=250333"}],"wp:term":[{"taxonomy":"category","embeddable":true,"href":"https:\/\/www.messinaoggi.it\/website\/wp-json\/wp\/v2\/categories?post=250333"},{"taxonomy":"post_tag","embeddable":true,"href":"https:\/\/www.messinaoggi.it\/website\/wp-json\/wp\/v2\/tags?post=250333"}],"curies":[{"name":"wp","href":"https:\/\/api.w.org\/{rel}","templated":true}]}}