{"id":250327,"date":"2025-09-18T11:31:08","date_gmt":"2025-09-18T09:31:08","guid":{"rendered":"http:\/\/www.messinaoggi.it\/website\/?p=250327"},"modified":"2025-09-18T11:31:11","modified_gmt":"2025-09-18T09:31:11","slug":"via-del-vespro-lavori-fermi-da-mesi-caos-parcheggi-e-proteste-dei-residenti","status":"publish","type":"post","link":"https:\/\/www.messinaoggi.it\/website\/2025\/09\/18\/via-del-vespro-lavori-fermi-da-mesi-caos-parcheggi-e-proteste-dei-residenti\/","title":{"rendered":"Via del Vespro, lavori fermi da mesi: caos parcheggi e proteste dei residenti"},"content":{"rendered":"\n<p>Disagi quotidiani e promesse mancate: \u00e8 questa la situazione che denunciano i residenti di via del Vespro, dove da mesi i lavori annunciati dall\u2019amministrazione comunale restano fermi. <div id=\"div-gpt-ad-Messinaoggi.it-DSK-300x250-corpoart\" style=\"text-align:center;margin:0 auto;\"><\/div><\/p>\n\n\n\n<p>La vicenda nasce dalla decisione \u2013 poi riconosciuta come un errore dallo stesso sindaco \u2013 di realizzare la pista ciclabile lungo l\u2019arteria, sacrificando numerosi stalli di sosta sul lato destro della carreggiata. All\u2019epoca era stato assicurato che i parcheggi sarebbero stati ripristinati, ma a distanza di cinque mesi nulla \u00e8 cambiato.<div id=\"videoincontent\" style=\"clear:both\";><\/div><\/p>\n\n\n\n<p>\u00abNoi residenti non possiamo parcheggiare lungo tutto il lato destro della carreggiata, pur avendo gi\u00e0 pagato tre anni di pass. Ogni giorno siamo costretti a convivere con la sosta selvaggia e continua di chi \u00e8 solo di passaggio. Se i parcheggi fossero stati ripristinati, come promesso, oggi ci sarebbe sicuramente pi\u00f9 ordine\u00bb, affermano i cittadini.<\/p>\n\n\n\n<p>Le foto scattate in diverse giornate documentano una realt\u00e0 di sosta irregolare e traffico congestionato, con auto in doppia fila e marciapiedi spesso ostruiti. Una situazione che, secondo gli abitanti, ha reso la viabilit\u00e0 \u201cinsostenibile\u201d.<\/p>\n\n\n\n<p>Ora la richiesta \u00e8 chiara: che l\u2019amministrazione mantenga gli impegni presi e riporti via del Vespro alla normalit\u00e0, restituendo i parcheggi e garantendo controlli pi\u00f9 stringenti per evitare quello che i residenti definiscono \u00abun caos totale\u00bb.<\/p>\n\n\n\n<figure class=\"wp-block-image size-large\"><img loading=\"lazy\" width=\"774\" height=\"1024\" src=\"http:\/\/www.messinaoggi.it\/website\/wp-content\/uploads\/2025\/09\/IMG-20250915-WA0301-774x1024.jpg\" alt=\"\" class=\"wp-image-250330\" srcset=\"https:\/\/www.messinaoggi.it\/website\/wp-content\/uploads\/2025\/09\/IMG-20250915-WA0301-774x1024.jpg 774w, https:\/\/www.messinaoggi.it\/website\/wp-content\/uploads\/2025\/09\/IMG-20250915-WA0301-227x300.jpg 227w, https:\/\/www.messinaoggi.it\/website\/wp-content\/uploads\/2025\/09\/IMG-20250915-WA0301-768x1016.jpg 768w, https:\/\/www.messinaoggi.it\/website\/wp-content\/uploads\/2025\/09\/IMG-20250915-WA0301-1162x1536.jpg 1162w, https:\/\/www.messinaoggi.it\/website\/wp-content\/uploads\/2025\/09\/IMG-20250915-WA0301.jpg 1210w\" sizes=\"(max-width: 774px) 100vw, 774px\" \/><\/figure>\n\n\n\n<figure class=\"wp-block-image size-large\"><img loading=\"lazy\" width=\"472\" height=\"1024\" src=\"https:\/\/www.messinaoggi.it\/website\/wp-content\/uploads\/2025\/09\/1000209950-472x1024.jpg\" alt=\"\" class=\"wp-image-250331\" srcset=\"https:\/\/www.messinaoggi.it\/website\/wp-content\/uploads\/2025\/09\/1000209950-472x1024.jpg 472w, https:\/\/www.messinaoggi.it\/website\/wp-content\/uploads\/2025\/09\/1000209950-138x300.jpg 138w, https:\/\/www.messinaoggi.it\/website\/wp-content\/uploads\/2025\/09\/1000209950-708x1536.jpg 708w, https:\/\/www.messinaoggi.it\/website\/wp-content\/uploads\/2025\/09\/1000209950.jpg 738w\" sizes=\"(max-width: 472px) 100vw, 472px\" \/><\/figure>\n","protected":false},"excerpt":{"rendered":"<p>Disagi quotidiani e promesse mancate: \u00e8 questa la situazione che denunciano i residenti di via del Vespro, dove da mesi i lavori annunciati dall\u2019amministrazione comunale restano fermi. La vicenda nasce dalla decisione \u2013 poi riconosciuta come un errore dallo stesso sindaco \u2013 di realizzare la pista ciclabile lungo l\u2019arteria, sacrificando numerosi stalli di sosta sul [&hellip;]<\/p>\n","protected":false},"author":15,"featured_media":250329,"comment_status":"open","ping_status":"open","sticky":false,"template":"","format":"standard","meta":{"ub_ctt_via":"","_mi_skip_tracking":false},"categories":[5,6],"tags":[7095,621,3448],"featured_image_src":"https:\/\/www.messinaoggi.it\/website\/wp-content\/uploads\/2025\/09\/IMG-20250915-WA0300-e1758187636448.jpg","author_info":{"display_name":"red.me","author_link":"https:\/\/www.messinaoggi.it\/website\/author\/red-me\/"},"digistream_id":0,"digistream":false,"_links":{"self":[{"href":"https:\/\/www.messinaoggi.it\/website\/wp-json\/wp\/v2\/posts\/250327"}],"collection":[{"href":"https:\/\/www.messinaoggi.it\/website\/wp-json\/wp\/v2\/posts"}],"about":[{"href":"https:\/\/www.messinaoggi.it\/website\/wp-json\/wp\/v2\/types\/post"}],"author":[{"embeddable":true,"href":"https:\/\/www.messinaoggi.it\/website\/wp-json\/wp\/v2\/users\/15"}],"replies":[{"embeddable":true,"href":"https:\/\/www.messinaoggi.it\/website\/wp-json\/wp\/v2\/comments?post=250327"}],"version-history":[{"count":2,"href":"https:\/\/www.messinaoggi.it\/website\/wp-json\/wp\/v2\/posts\/250327\/revisions"}],"predecessor-version":[{"id":250332,"href":"https:\/\/www.messinaoggi.it\/website\/wp-json\/wp\/v2\/posts\/250327\/revisions\/250332"}],"wp:featuredmedia":[{"embeddable":true,"href":"https:\/\/www.messinaoggi.it\/website\/wp-json\/wp\/v2\/media\/250329"}],"wp:attachment":[{"href":"https:\/\/www.messinaoggi.it\/website\/wp-json\/wp\/v2\/media?parent=250327"}],"wp:term":[{"taxonomy":"category","embeddable":true,"href":"https:\/\/www.messinaoggi.it\/website\/wp-json\/wp\/v2\/categories?post=250327"},{"taxonomy":"post_tag","embeddable":true,"href":"https:\/\/www.messinaoggi.it\/website\/wp-json\/wp\/v2\/tags?post=250327"}],"curies":[{"name":"wp","href":"https:\/\/api.w.org\/{rel}","templated":true}]}}