{"id":25027,"date":"2018-10-03T12:58:25","date_gmt":"2018-10-03T10:58:25","guid":{"rendered":"http:\/\/www.messinaoggi.it\/website\/?p=25027"},"modified":"2018-10-03T12:58:25","modified_gmt":"2018-10-03T10:58:25","slug":"fiumara-darte-antonio-presti-inaugura-il-cantico-di-librino","status":"publish","type":"post","link":"https:\/\/www.messinaoggi.it\/website\/2018\/10\/03\/fiumara-darte-antonio-presti-inaugura-il-cantico-di-librino\/","title":{"rendered":"Fiumara d&#039;Arte: Antonio Presti inaugura il Cantico di Librino"},"content":{"rendered":"<p>In occasione della celebrazione di San Francesco, domani, alle ore 10.30, presso il cortile della Scuola Angelo Musco, sar\u00e0 inaugurato il Cantico di Librino, installazione monumentale fotografica donata dal mecenate Antonio Presti al quartiere periferico di Librino e a tutta la comunit\u00e0 con la quale si vuole\u00a0 richiamare la societ\u00e0 civile alla rigenerazione dell\u2019anima universale, volgendo lo sguardo a quella periferia catanese da sempre amata e da vent&#8217;anni al centro dei suoi grandi progetti culturali. L\u2019opera,<em> un\u2019installazione fotografica monumentale su migliaia di pali della luce, dove i protagonisti saranno gli stessi abitanti, immortalati da nove fotografi siciliani,<\/em> si inserisce nel pi\u00f9 ampio progetto <em>in itinere<\/em> del Museo dell\u2019Immagine e dell\u2019Arte Contemporanea di Librino, \u00a0che vedr\u00e0 il posizionamento di oltre 1000 mega banner (realizzati in rete mesh, formato 90&#215;240 cm) sui tralicci dell\u2019illuminazione stradale del quartiere, dell\u2019Asse dei servizi di Catania e della strada che conduce all&#8217;aeroporto.<br \/>\nIl progetto \u201cIl Cantico di Librino\u201d risplender\u00e0 cos\u00ec tra migliaia di pali del quartiere, riportando tra le strade la Luce dello Spirito.<br \/>\nAccostarsi al mondo attraverso lo stupore e la meraviglia; parlare il linguaggio della fraternit\u00e0; armonizzare anima e pensiero con la Bellezza: questo il percorso fisico, artistico e spirituale che si snoder\u00e0 attraverso le immagini dei volti degli abitanti del quartiere di Librino, affiancate alle parole dense di sacralit\u00e0 dell\u2019antica preghiera scritta nel 1226.<br \/>\n\u00abLa vera politica sociale \u2013 conclude Antonio Presti \u2013 \u00e8 quella che restituisce ai suoi cittadini un respiro universale: bisogna parlare sempre meno di quella rigenerazione urbana che non mette al centro l\u2019uomo ma solo i suoi servizi. Occorre invece lavorare per costruire Bellezza, quella che mette al centro di ogni scelta il valore del sentire che vivifica e ristora, che non abbia come suo dio, il tempo, il denaro, l\u2019apparire. Bellezza che verr\u00e0 condivisa con tutte le persone e i turisti che attraverseranno Librino, perch\u00e9 solo il cuore di un bambino innocente e puro pu\u00f2 parlare a tanti cuori anestetizzata e annichiliti\u00bb.<br \/>\nAlle gigantografie di bambini, giovani, adulti e anziani, sar\u00e0 infatti affidato un messaggio sacro e potente: transitare lungo le strade inanellate dai banner del Cantico sar\u00e0 come percorrere un viatico interiore che simboleggia le stagioni della vita. \u00abLa mia visione \u00e8 scaturita dall\u2019osservazione della circolarit\u00e0 delle strade di Librino e dal moto concentrico che vi si genera percorrendole &#8211; spiega Antonio Presti -Questo moto avviluppa l\u2019automobilista, portando il pensiero a rimuginare e l\u2019anima a implodere. Quando il Cantico sar\u00e0 installato, un qualunque abitante di Librino percorrendo una qualunque via, s\u2019imbatter\u00e0 sempre in un\u2019immagine familiare e soprattutto nelle parole di quella preghiera che, anche solo per un istante, lo collegher\u00e0 con l\u2019Universale. In questo sentire e percepire di essere creatura dell\u2019Universo si estrinseca la forza di questo atto democratico di luce e bellezza. La mente, dopo essersi disconnessa dalla quotidianit\u00e0 e da quei pensieri terreni che mortificano l\u2019anima, si eleva e si ricongiunge all\u2019improvviso con il sublime e anche se si tratter\u00e0 di un solo attimo, da quell\u2019istante di Eternit\u00e0, non si torner\u00e0 indietro uguali a prima. Sar\u00e0 come entrare in una lavatrice spirituale e ricevere quel battesimo dalla Luce che \u00e8 in Noi\u00bb.<br \/>\nNel progetto\u00a0 sono\u00a0 state coinvolte <em>\u00a0tutte le parrocchie, le scuole, le associazioni e le attivit\u00e0 commerciali del territorio con i laboratori fotografici che hanno visto all\u2019opera per diversi mesi migliaia di fedeli e i fotografi Arcara, Auteri, Brancaforte, Faramo, Majorana, Mamo, Ortolani, Sipala, coordinati dall\u2019artista fotografo Antonio Parrinello, con la straordinaria partecipazione del fotografo franco-iraniano di National Geographic Reza Deghati e del fratello Manoocher.<\/em><br \/>\nUn evento da non perdere per riscoprire la vera essenza\u00a0 della propria anima.<div id=\"div-gpt-ad-Messinaoggi.it-DSK-300x250-corpoart\" style=\"text-align:center;margin:0 auto;\"><\/div><\/p>\n<div id=\"videoincontent\" style=\"clear:both\";><\/div>","protected":false},"excerpt":{"rendered":"<p>In occasione della celebrazione di San Francesco, domani, alle ore 10.30, presso il cortile della Scuola Angelo Musco, sar\u00e0 inaugurato il Cantico di Librino, installazione monumentale fotografica donata dal mecenate Antonio Presti al quartiere periferico di Librino e a tutta la comunit\u00e0 con la quale si vuole\u00a0 richiamare la societ\u00e0 civile alla rigenerazione dell\u2019anima universale, [&hellip;]<\/p>\n","protected":false},"author":5,"featured_media":16501,"comment_status":"closed","ping_status":"open","sticky":false,"template":"","format":"standard","meta":{"ub_ctt_via":"","_mi_skip_tracking":false},"categories":[16],"tags":[],"featured_image_src":"https:\/\/www.messinaoggi.it\/website\/wp-content\/uploads\/2018\/03\/Antonio-Presti-1.jpg","author_info":{"display_name":"Maria Antonella Saia","author_link":"https:\/\/www.messinaoggi.it\/website\/author\/m-saia\/"},"digistream_id":0,"digistream":false,"_links":{"self":[{"href":"https:\/\/www.messinaoggi.it\/website\/wp-json\/wp\/v2\/posts\/25027"}],"collection":[{"href":"https:\/\/www.messinaoggi.it\/website\/wp-json\/wp\/v2\/posts"}],"about":[{"href":"https:\/\/www.messinaoggi.it\/website\/wp-json\/wp\/v2\/types\/post"}],"author":[{"embeddable":true,"href":"https:\/\/www.messinaoggi.it\/website\/wp-json\/wp\/v2\/users\/5"}],"replies":[{"embeddable":true,"href":"https:\/\/www.messinaoggi.it\/website\/wp-json\/wp\/v2\/comments?post=25027"}],"version-history":[{"count":0,"href":"https:\/\/www.messinaoggi.it\/website\/wp-json\/wp\/v2\/posts\/25027\/revisions"}],"wp:featuredmedia":[{"embeddable":true,"href":"https:\/\/www.messinaoggi.it\/website\/wp-json\/wp\/v2\/media\/16501"}],"wp:attachment":[{"href":"https:\/\/www.messinaoggi.it\/website\/wp-json\/wp\/v2\/media?parent=25027"}],"wp:term":[{"taxonomy":"category","embeddable":true,"href":"https:\/\/www.messinaoggi.it\/website\/wp-json\/wp\/v2\/categories?post=25027"},{"taxonomy":"post_tag","embeddable":true,"href":"https:\/\/www.messinaoggi.it\/website\/wp-json\/wp\/v2\/tags?post=25027"}],"curies":[{"name":"wp","href":"https:\/\/api.w.org\/{rel}","templated":true}]}}