{"id":250133,"date":"2025-09-16T15:06:26","date_gmt":"2025-09-16T13:06:26","guid":{"rendered":"https:\/\/www.messinaoggi.it\/website\/2025\/09\/16\/ue-metsola-la-lotta-alla-criminalita-resta-una-nostra-priorita\/"},"modified":"2025-09-16T17:30:25","modified_gmt":"2025-09-16T15:30:25","slug":"ue-metsola-la-lotta-alla-criminalita-resta-una-nostra-priorita","status":"publish","type":"post","link":"https:\/\/www.messinaoggi.it\/website\/2025\/09\/16\/ue-metsola-la-lotta-alla-criminalita-resta-una-nostra-priorita\/","title":{"rendered":"Ue, Metsola \u201cLa lotta alla criminalit\u00e0 resta una nostra priorit\u00e0\u201d"},"content":{"rendered":"<div>MESSINA (ITALPRESS) &#8211; &#8220;La lotta alla criminalit\u00e0 organizzata rimane una nostra assoluta priorit\u00e0, continueremo a difendere con fermezza la dignit\u00e0 di chi si ha sacrificato la propria vita in nome della giustizia e dello Stato di diritto. Magistrati, forze dell&#8217;ordine, giornalisti, attivisti  uomini e donne valorosi, tra loro Giovanni Falcone, Rocco Chinnici, Paolo Borsellino, Carlo Alberto dalla Chiesa, Cesare Terranova. Non possiamo anche dimenticare gli agenti della scorta che hanno coraggiosamente perso anche loro la loro vita&#8221;. Lo ha detto la presidente della Parlamento Europeo, Roberta Metsola, a durante il convegno &#8220;Criminalit\u00e0 nazionale e transnazionale: strumenti e obiettivi in Italia e in Europa&#8221;, nell&#8217;Aula Magna dell&#8217;Universit\u00e0 degli Studi di Messina.<br \/>-foto Italpress-<br \/>(ITALPRESS).<\/div>\n<div id=\"div-gpt-ad-Messinaoggi.it-DSK-300x250-corpoart\" style=\"text-align:center;margin:0 auto;\"><\/div><\/p><div id=\"videoincontent\" style=\"clear:both\";><\/div>","protected":false},"excerpt":{"rendered":"<p>MESSINA (ITALPRESS) &#8211; &#8220;La lotta alla criminalit\u00e0 organizzata rimane una nostra assoluta priorit\u00e0, continueremo a difendere con fermezza la dignit\u00e0 di chi si ha sacrificato la propria vita in nome della giustizia e dello Stato di diritto. Magistrati, forze dell&#8217;ordine, giornalisti, attivisti uomini e donne valorosi, tra loro Giovanni Falcone, Rocco Chinnici, Paolo Borsellino, Carlo [&hellip;]<\/p>\n","protected":false},"author":18,"featured_media":250134,"comment_status":"closed","ping_status":"closed","sticky":false,"template":"","format":"standard","meta":{"ub_ctt_via":"","_mi_skip_tracking":false},"categories":[19,446],"tags":[783],"featured_image_src":"https:\/\/www.messinaoggi.it\/website\/wp-content\/uploads\/2025\/09\/20250916_0493.jpg","author_info":{"display_name":"Admin","author_link":"https:\/\/www.messinaoggi.it\/website\/author\/admin\/"},"digistream_id":0,"digistream":false,"_links":{"self":[{"href":"https:\/\/www.messinaoggi.it\/website\/wp-json\/wp\/v2\/posts\/250133"}],"collection":[{"href":"https:\/\/www.messinaoggi.it\/website\/wp-json\/wp\/v2\/posts"}],"about":[{"href":"https:\/\/www.messinaoggi.it\/website\/wp-json\/wp\/v2\/types\/post"}],"author":[{"embeddable":true,"href":"https:\/\/www.messinaoggi.it\/website\/wp-json\/wp\/v2\/users\/18"}],"replies":[{"embeddable":true,"href":"https:\/\/www.messinaoggi.it\/website\/wp-json\/wp\/v2\/comments?post=250133"}],"version-history":[{"count":1,"href":"https:\/\/www.messinaoggi.it\/website\/wp-json\/wp\/v2\/posts\/250133\/revisions"}],"predecessor-version":[{"id":250151,"href":"https:\/\/www.messinaoggi.it\/website\/wp-json\/wp\/v2\/posts\/250133\/revisions\/250151"}],"wp:featuredmedia":[{"embeddable":true,"href":"https:\/\/www.messinaoggi.it\/website\/wp-json\/wp\/v2\/media\/250134"}],"wp:attachment":[{"href":"https:\/\/www.messinaoggi.it\/website\/wp-json\/wp\/v2\/media?parent=250133"}],"wp:term":[{"taxonomy":"category","embeddable":true,"href":"https:\/\/www.messinaoggi.it\/website\/wp-json\/wp\/v2\/categories?post=250133"},{"taxonomy":"post_tag","embeddable":true,"href":"https:\/\/www.messinaoggi.it\/website\/wp-json\/wp\/v2\/tags?post=250133"}],"curies":[{"name":"wp","href":"https:\/\/api.w.org\/{rel}","templated":true}]}}