{"id":25010,"date":"2018-10-03T08:46:27","date_gmt":"2018-10-03T06:46:27","guid":{"rendered":"http:\/\/www.messinaoggi.it\/website\/?p=25010"},"modified":"2018-10-03T08:46:27","modified_gmt":"2018-10-03T06:46:27","slug":"torna-il-progetto-studenti-atleti-domande-aperte-sino-al-30-ottobre","status":"publish","type":"post","link":"https:\/\/www.messinaoggi.it\/website\/2018\/10\/03\/torna-il-progetto-studenti-atleti-domande-aperte-sino-al-30-ottobre\/","title":{"rendered":"Torna il progetto &quot;Studenti-Atleti&quot;: domande aperte sino al 30 ottobre"},"content":{"rendered":"<p lang=\"it-IT\"><span style=\"font-family: Arial, sans-serif\">Oltre 1.500 ragazzi coinvolti in 396 istituti di tutta Italia. E&#8217; un trend in continua crescita quello del numero degli aderenti al\u00a0<\/span><span style=\"font-family: Arial, sans-serif\">progetto sperimentale &#8220;Studenti-Atleti di alto livello&#8221;, spingendo dunque il Miur, uno dei promotori del progetto, a raddoppiare i numeri attuali. Infatti, nell\u2019anno scolastico 2018\/2019 il progetto &#8211; che d\u00e0 la possibilit\u00e0 a\u00a0chi va a scuola e pratica al contempo sport ad alto livello di avere percorsi di studio personalizzati, seguendo anche lezioni a distanza nei momenti di maggiore impegno sportivo &#8211; sar\u00e0 ampliato, coinvolgendo quasi 3000 studenti:\u00a0<\/span>\u201c<span style=\"font-family: Arial, sans-serif\"><em>I dati<\/em> &#8211; spiega il Ministro del Miur, Marco Bussetti &#8211;<em> forniscono un bilancio incoraggiante e in costante crescita: nel 2017-18 abbiamo ampliato il coinvolgimento fino a 1505 studenti (triplicati rispetto al 2016\/2017), iscritti in 396 scuole di 18 Regioni<\/em>\u201d.<\/span><div id=\"div-gpt-ad-Messinaoggi.it-DSK-300x250-corpoart\" style=\"text-align:center;margin:0 auto;\"><\/div><\/p>\n<p lang=\"it-IT\">\u201c<span style=\"font-family: Arial, sans-serif\"><em>Si tratta di un progetto che sta dando dei buoni risultati ma da solo purtroppo<\/em> &#8211; annota il Ministro Bussetti &#8211;<em> non basta. Abbiamo il dovere di ridare la giusta collocazione dello sport all\u2019interno delle nostre scuole dove non ci si occupa del risultato ma dell\u2019aspetto educativo che questo ha nel formare i giovani sul piano individuale e collettivo. L\u2019attivit\u00e0 sportiva diventa allora un valore aggiunto capace di insegnare la disciplina, il rispetto delle regole e dell&#8217;autorit\u00e0, il senso di responsabilit\u00e0, la capacit\u00e0 di fare squadra, il controllo del proprio corpo. Tutti elementi utili, se ci pensiamo, per formare un buon cittadino<\/em>\u201d.<\/span><div id=\"videoincontent\" style=\"clear:both\";><\/div><\/p>\n<p lang=\"it-IT\"><span style=\"font-family: Arial, sans-serif\">Il progetto sperimentale, giunto quest&#8217;anno alla terza edizione, \u00e8 promosso dal Miur\u00a0<\/span><span style=\"font-family: Arial, sans-serif\">in collaborazione con CONI, Lega Serie A e il Comitato Italiano Paralimpico (CIP) ed \u00e8 stato presentato nei giorni scorsi durante\u00a0<\/span><span style=\"font-family: Arial, sans-serif\">una conferenza stampa al Miur. Numerose le testimonianze degli studenti che gi\u00e0 hanno preso parte all&#8217;iniziativa, tra le quali anche quella del<\/span><span style=\"font-family: Arial, sans-serif\">la giovane giocatrice messinese di pallacanestro\u00a0Anna Rescifina,\u00a0da due anni impegnata con la Federazione all&#8217;interno del progetto\u00a0Basket Lab.<\/span><\/p>\n<p lang=\"it-IT\"><span style=\"font-family: Arial, sans-serif\">Sul sito del Miur \u00e8 disponibile la circolare che consente di aderire alla sperimentazione. Le domande potranno essere presentate fino al 30 ottobre 2018.<\/span><\/p>\n","protected":false},"excerpt":{"rendered":"<p>Oltre 1.500 ragazzi coinvolti in 396 istituti di tutta Italia. E&#8217; un trend in continua crescita quello del numero degli aderenti al\u00a0progetto sperimentale &#8220;Studenti-Atleti di alto livello&#8221;, spingendo dunque il Miur, uno dei promotori del progetto, a raddoppiare i numeri attuali. Infatti, nell\u2019anno scolastico 2018\/2019 il progetto &#8211; che d\u00e0 la possibilit\u00e0 a\u00a0chi va a [&hellip;]<\/p>\n","protected":false},"author":8,"featured_media":5247,"comment_status":"closed","ping_status":"open","sticky":false,"template":"","format":"standard","meta":{"ub_ctt_via":"","_mi_skip_tracking":false},"categories":[7],"tags":[],"featured_image_src":"https:\/\/www.messinaoggi.it\/website\/wp-content\/uploads\/2017\/07\/sport-2.jpg","author_info":{"display_name":"red..me","author_link":"https:\/\/www.messinaoggi.it\/website\/author\/redstage\/"},"digistream_id":0,"digistream":false,"_links":{"self":[{"href":"https:\/\/www.messinaoggi.it\/website\/wp-json\/wp\/v2\/posts\/25010"}],"collection":[{"href":"https:\/\/www.messinaoggi.it\/website\/wp-json\/wp\/v2\/posts"}],"about":[{"href":"https:\/\/www.messinaoggi.it\/website\/wp-json\/wp\/v2\/types\/post"}],"author":[{"embeddable":true,"href":"https:\/\/www.messinaoggi.it\/website\/wp-json\/wp\/v2\/users\/8"}],"replies":[{"embeddable":true,"href":"https:\/\/www.messinaoggi.it\/website\/wp-json\/wp\/v2\/comments?post=25010"}],"version-history":[{"count":0,"href":"https:\/\/www.messinaoggi.it\/website\/wp-json\/wp\/v2\/posts\/25010\/revisions"}],"wp:featuredmedia":[{"embeddable":true,"href":"https:\/\/www.messinaoggi.it\/website\/wp-json\/wp\/v2\/media\/5247"}],"wp:attachment":[{"href":"https:\/\/www.messinaoggi.it\/website\/wp-json\/wp\/v2\/media?parent=25010"}],"wp:term":[{"taxonomy":"category","embeddable":true,"href":"https:\/\/www.messinaoggi.it\/website\/wp-json\/wp\/v2\/categories?post=25010"},{"taxonomy":"post_tag","embeddable":true,"href":"https:\/\/www.messinaoggi.it\/website\/wp-json\/wp\/v2\/tags?post=25010"}],"curies":[{"name":"wp","href":"https:\/\/api.w.org\/{rel}","templated":true}]}}