{"id":250038,"date":"2025-09-15T12:06:14","date_gmt":"2025-09-15T10:06:14","guid":{"rendered":"http:\/\/www.messinaoggi.it\/website\/?p=250038"},"modified":"2025-09-15T12:06:18","modified_gmt":"2025-09-15T10:06:18","slug":"scuolabus-in-ritardo-e-alunni-appiedati-la-denuncia-di-gioveni","status":"publish","type":"post","link":"https:\/\/www.messinaoggi.it\/website\/2025\/09\/15\/scuolabus-in-ritardo-e-alunni-appiedati-la-denuncia-di-gioveni\/","title":{"rendered":"&#8220;Scuolabus in ritardo e alunni appiedati&#8221;, la denuncia di Gioveni"},"content":{"rendered":"\n<p>Il consigliere comunale <strong>Libero Gioveni<\/strong>, capogruppo di Fratelli d&#8217;Italia, che ha gi\u00e0 allertato la presidente della Messina social city <strong>Valeria Asquini <\/strong>chiedendole di attivarsi per migliorare la gestione del servizio, denuncia che &#8220;nel loro primo giorno di scuola i piccoli alunni della scuola Beata Eustochia stamattina sono rimasti parzialmente appiedati a causa di un disservizio dello scuolabus che li doveva condurre nei locali dell&#8217;istituto Majorana di viale Giostra!&#8221;. <div id=\"div-gpt-ad-Messinaoggi.it-DSK-300x250-corpoart\" style=\"text-align:center;margin:0 auto;\"><\/div><\/p>\n\n\n\n<p>&#8220;Naturalmente il mio non vuole essere un attacco frontale all&#8217;azienda &#8211; chiarisce Gioveni &#8211; perch\u00e9 mi rendo conto che il servizio \u00e8 partito solo oggi ed \u00e8 comprensibile un periodo di rodaggio, ma ci\u00f2 che \u00e8 accaduto stamattina per i genitori \u00e8 del tutto inaccettabile!&#8221; <div id=\"videoincontent\" style=\"clear:both\";><\/div><\/p>\n\n\n\n<p>&#8220;Il pulmino doveva  giungere all&#8217;Annunziata alle ore 7,40 a disposizione della scolaresca della Beata Eustochia che sar\u00e0 oggetto di interventi di manutenzione &#8211; prosegue il consigliere &#8211; ma \u00e8 giunto solo alle ore 8,30 circa&#8221;. <\/p>\n\n\n\n<p>&#8220;Da ci\u00f2 ne \u00e8 scaturito il fatto che alcuni genitori hanno preferito riportare a casa i figli &#8211; aggiunge l&#8217;esponente di FdI &#8211; mentre chi ha resistito pazientemente alla snervante attesa ha potuto solo constatare il forte ritardo con cui il pulmino \u00e8 poi arrivato a destinazione&#8221;. <\/p>\n\n\n\n<p>&#8220;Mi auguro che quanto accaduto oggi sia solo un fatto isolato &#8211; conclude Gioveni &#8211; anche perch\u00e9 certe attese per i piccoli studenti, se magari con questo clima sono certamente sopportabili, quando arriveranno freddo e piogge una simile situazione diventerebbe drammatica&#8221;.<\/p>\n","protected":false},"excerpt":{"rendered":"<p>Il consigliere comunale Libero Gioveni, capogruppo di Fratelli d&#8217;Italia, che ha gi\u00e0 allertato la presidente della Messina social city Valeria Asquini chiedendole di attivarsi per migliorare la gestione del servizio, denuncia che &#8220;nel loro primo giorno di scuola i piccoli alunni della scuola Beata Eustochia stamattina sono rimasti parzialmente appiedati a causa di un disservizio [&hellip;]<\/p>\n","protected":false},"author":15,"featured_media":43341,"comment_status":"open","ping_status":"open","sticky":false,"template":"","format":"standard","meta":{"ub_ctt_via":"","_mi_skip_tracking":false},"categories":[4,6],"tags":[11675,32,740,1185,3546],"featured_image_src":"https:\/\/www.messinaoggi.it\/website\/wp-content\/uploads\/2020\/05\/libero-gioveni-in-aula-messinaoggi.jpg","author_info":{"display_name":"red.me","author_link":"https:\/\/www.messinaoggi.it\/website\/author\/red-me\/"},"digistream_id":0,"digistream":false,"_links":{"self":[{"href":"https:\/\/www.messinaoggi.it\/website\/wp-json\/wp\/v2\/posts\/250038"}],"collection":[{"href":"https:\/\/www.messinaoggi.it\/website\/wp-json\/wp\/v2\/posts"}],"about":[{"href":"https:\/\/www.messinaoggi.it\/website\/wp-json\/wp\/v2\/types\/post"}],"author":[{"embeddable":true,"href":"https:\/\/www.messinaoggi.it\/website\/wp-json\/wp\/v2\/users\/15"}],"replies":[{"embeddable":true,"href":"https:\/\/www.messinaoggi.it\/website\/wp-json\/wp\/v2\/comments?post=250038"}],"version-history":[{"count":3,"href":"https:\/\/www.messinaoggi.it\/website\/wp-json\/wp\/v2\/posts\/250038\/revisions"}],"predecessor-version":[{"id":250041,"href":"https:\/\/www.messinaoggi.it\/website\/wp-json\/wp\/v2\/posts\/250038\/revisions\/250041"}],"wp:featuredmedia":[{"embeddable":true,"href":"https:\/\/www.messinaoggi.it\/website\/wp-json\/wp\/v2\/media\/43341"}],"wp:attachment":[{"href":"https:\/\/www.messinaoggi.it\/website\/wp-json\/wp\/v2\/media?parent=250038"}],"wp:term":[{"taxonomy":"category","embeddable":true,"href":"https:\/\/www.messinaoggi.it\/website\/wp-json\/wp\/v2\/categories?post=250038"},{"taxonomy":"post_tag","embeddable":true,"href":"https:\/\/www.messinaoggi.it\/website\/wp-json\/wp\/v2\/tags?post=250038"}],"curies":[{"name":"wp","href":"https:\/\/api.w.org\/{rel}","templated":true}]}}