{"id":249964,"date":"2025-09-15T00:31:24","date_gmt":"2025-09-14T22:31:24","guid":{"rendered":"https:\/\/www.messinaoggi.it\/website\/2025\/09\/14\/schifani-con-i-termovalorizzatori-supereremo-lemergenza-rifiuti\/"},"modified":"2025-09-15T09:02:00","modified_gmt":"2025-09-15T07:02:00","slug":"schifani-con-i-termovalorizzatori-supereremo-lemergenza-rifiuti","status":"publish","type":"post","link":"https:\/\/www.messinaoggi.it\/website\/2025\/09\/15\/schifani-con-i-termovalorizzatori-supereremo-lemergenza-rifiuti\/","title":{"rendered":"Schifani \u201cCon i termovalorizzatori supereremo l\u2019emergenza rifiuti\u201d"},"content":{"rendered":"<div>\n<p>PALERMO (ITALPRESS) \u2013 \u201cLe discariche sono sature e la differenziata non riesce da sola a smaltire i cumuli in fase di compostaggio. A bocce ferme, l\u2019unica soluzione \u00e8 quella di inviare la spazzatura oltre lo Stretto, pagando 100 milioni l\u2019anno di extracosti. I termovalorizzatori eviteranno questo problema e supereranno le emergenze, ma produrranno anche un ricavo: assorbiranno il 30% dell\u2019energia prodotta per il loro funzionamento mentre il restante 70% verr\u00e0 immesso sul mercato, concorrendo alla riduzione della tariffa di ingresso. Cos\u00ec, i rifiuti verranno utilizzati come risorsa, per creare finalmente un\u2019economia di scala\u201d. Cos\u00ec il presidente della Regione Siciliana, Renato Schifani, intervistato dal \u201cGiornale di Sicilia\u201d, in merito alla realizzazione dei due termovalorizzatori che sorgeranno a Palermo e a Catania per fronteggiare l\u2019emergenza rifiuti nell\u2019Isola. Sui timori dei giudici della Corte dei Conti che gli impianti siano sovradimensionati, Schifani\u00a0 spiega: \u201cVa innanzitutto ricordato che il lavoro svolto dai magistrati contabili sul tema non ha valenza ispettiva, ma si inserisce nella normale attivit\u00e0 di collaborazione tra la Corte e la Regione e si tradurr\u00e0 in un referto finale che non avr\u00e0 comunque effetto autorizzativo n\u00e9 tanto meno sanzionatorio. Abbiamo risposto con garbo e serenit\u00e0 alle loro osservazioni, dimostrando che i conti sono in regola che gli impianti non sono sovradimensionati. Nel frattempo, continua il nostro dialogo con Bruxelles e con il ministero dell\u2019Ambiente, che stanno valutando tutti gli aspetti del progetto, supportato da una consulenza di altissimo livello, dagli ex ministri Corrado Clini per la parte ambientale e Giovanni Tria quella economica\u201d. Anche su un\u2019altra grande emergenza nell\u2019Isola, la siccit\u00e0, il governatore assicura che \u201cil nostro cronoprogramma sta andando avanti. Tra pozzi nuovi o riattivati, lavori sulle condutture, sistemazione delle traverse e dissalatori, abbiamo gi\u00e0 prodotto oltre 2.500 litri di acqua in pi\u00f9 al secondo, ma contiamo di arrivare a quota 5.000 il prossimo anno con l\u2019arrivo dei due impianti di desalinizzazione previsti a Palermo in project financing. Cos\u00ec, stiamo cominciando a vedere la luce in fondo al tunnel dell\u2019emergenza\u201d. L\u2019Autorit\u00e0 di bacino, tuttavia, ha disposto modalit\u00e0 eccezionali di prelievo dai volumi residuali degli invasi: \u201c\u00c8 un\u2019indicazione che ripete quanto la Cabina di regia sulla crisi idrica fa gi\u00e0 da un anno. Grazie anche al nostro cronoprogramma di interventi emergenziali non siamo combinati male, anzi ci sono notevoli miglioramenti rispetto al 2024. Esistono purtroppo dei problemi per l\u2019irriguo in alcuni invasi della Sicilia occidentale a causa della scarsa piovosit\u00e0 che si protrae da oltre 4 anni\u201d, aggiunge. Infine, sul ricorso al Tar di Palermo contro la nomina del commissario straordinario dell\u2019Autorit\u00e0 portuale del mare di Sicilia occidentale, il governatore assicura:\u00a0 \u201cNoi andiamo avanti, perch\u00e9 siamo convinti di essere nel giusto: contrariamente a tante altre nomine di Stato in cui \u00e8 richiesta una generica preparazione di settore, per le autorit\u00e0 portuali una legge specifica ne fissa rigorosamente stringenti requisiti\u201d, aggiungendo poi che il clima con il Carroccio in Sicilia \u00e8 \u201cottimo\u201d, e i rapporti \u201cnon sono cambiati di una virgola. \u201cConsidero quanto accaduto sull\u2019Autorit\u00e0 portuale un incidente di percorso . Evidentemente non ci siamo capiti con Matteo, ma non c\u2019\u00e8 nulla di personale, n\u00e9 con lui n\u00e9 con Tardino. A me interessa solo che l\u2019ente venga guidato da una figura competente in materia. Per questo non ho avanzato nessun candidato, ma preteso una persona in grado di gestire al meglio il 50% delle flotte siciliane, come ha fatto Pasqualino Monti\u201d, conclude<div id=\"div-gpt-ad-Messinaoggi.it-DSK-300x250-corpoart\" style=\"text-align:center;margin:0 auto;\"><\/div><\/p>\n<p>\u2013 Foto Ipa Agency \u2013<div id=\"videoincontent\" style=\"clear:both\";><\/div><\/p>\n<\/div>\n","protected":false},"excerpt":{"rendered":"<p>PALERMO (ITALPRESS) \u2013 \u201cLe discariche sono sature e la differenziata non riesce da sola a smaltire i cumuli in fase di compostaggio. A bocce ferme, l\u2019unica soluzione \u00e8 quella di inviare la spazzatura oltre lo Stretto, pagando 100 milioni l\u2019anno di extracosti. I termovalorizzatori eviteranno questo problema e supereranno le emergenze, ma produrranno anche un [&hellip;]<\/p>\n","protected":false},"author":18,"featured_media":249965,"comment_status":"closed","ping_status":"closed","sticky":false,"template":"","format":"standard","meta":{"ub_ctt_via":"","_mi_skip_tracking":false},"categories":[11,2449],"tags":[783],"featured_image_src":"https:\/\/www.messinaoggi.it\/website\/wp-content\/uploads\/2025\/09\/schifani-gds-2.jpg","author_info":{"display_name":"Admin","author_link":"https:\/\/www.messinaoggi.it\/website\/author\/admin\/"},"digistream_id":0,"digistream":false,"_links":{"self":[{"href":"https:\/\/www.messinaoggi.it\/website\/wp-json\/wp\/v2\/posts\/249964"}],"collection":[{"href":"https:\/\/www.messinaoggi.it\/website\/wp-json\/wp\/v2\/posts"}],"about":[{"href":"https:\/\/www.messinaoggi.it\/website\/wp-json\/wp\/v2\/types\/post"}],"author":[{"embeddable":true,"href":"https:\/\/www.messinaoggi.it\/website\/wp-json\/wp\/v2\/users\/18"}],"replies":[{"embeddable":true,"href":"https:\/\/www.messinaoggi.it\/website\/wp-json\/wp\/v2\/comments?post=249964"}],"version-history":[{"count":1,"href":"https:\/\/www.messinaoggi.it\/website\/wp-json\/wp\/v2\/posts\/249964\/revisions"}],"predecessor-version":[{"id":250023,"href":"https:\/\/www.messinaoggi.it\/website\/wp-json\/wp\/v2\/posts\/249964\/revisions\/250023"}],"wp:featuredmedia":[{"embeddable":true,"href":"https:\/\/www.messinaoggi.it\/website\/wp-json\/wp\/v2\/media\/249965"}],"wp:attachment":[{"href":"https:\/\/www.messinaoggi.it\/website\/wp-json\/wp\/v2\/media?parent=249964"}],"wp:term":[{"taxonomy":"category","embeddable":true,"href":"https:\/\/www.messinaoggi.it\/website\/wp-json\/wp\/v2\/categories?post=249964"},{"taxonomy":"post_tag","embeddable":true,"href":"https:\/\/www.messinaoggi.it\/website\/wp-json\/wp\/v2\/tags?post=249964"}],"curies":[{"name":"wp","href":"https:\/\/api.w.org\/{rel}","templated":true}]}}