{"id":249934,"date":"2025-09-13T17:28:37","date_gmt":"2025-09-13T15:28:37","guid":{"rendered":"http:\/\/www.messinaoggi.it\/website\/?p=249934"},"modified":"2025-09-23T11:18:28","modified_gmt":"2025-09-23T09:18:28","slug":"cronoprogramma-dei-lavori-del-ponte-sullo-stretto-aggiornato","status":"publish","type":"post","link":"https:\/\/www.messinaoggi.it\/website\/2025\/09\/13\/cronoprogramma-dei-lavori-del-ponte-sullo-stretto-aggiornato\/","title":{"rendered":"CRONOPROGRAMMA DEI LAVORI DEL PONTE SULLO STRETTO AGGIORNATO"},"content":{"rendered":"\n<p>Dalla trasmissione del Governo alla Corte dei Conti, avvenuta il 9 settembre 2025, la Corte dei Conti si esprimer\u00e0 entro il 9 ottobre (termine ordinario) e da quel momento la pubblicazione in Gazzetta Ufficiale avverr\u00e0 dopo 10 giorni. Ne segue che<strong> luned\u00ec 20 ottobre 2025 sar\u00e0 il giorno di inizio lavori del Ponte sullo Stretto di Messina<\/strong>.<div id=\"div-gpt-ad-Messinaoggi.it-DSK-300x250-corpoart\" style=\"text-align:center;margin:0 auto;\"><\/div><\/p>\n\n\n\n<p><strong><a href=\"https:\/\/www.messinaoggi.it\/website\/2025\/09\/12\/cronoprogramma-attivita-anticipate-a-partire-dal-20-10-25-tavola-ger0327-del-20-04-24-aggiornata\/\">IERI QUI<\/a><\/strong> ci siamo dunque limitati ad elaborare il Cronoprogramma delle Attivit\u00e0 Anticipate, ovvero la tavola GER0327_ver. D pubblicata il 20\/04\/2024. Oggi abbiamo fatto lo stesso con la tavola GE0042 (Piano di sicurezza e coordinamento del PD2011) questa pubblicata il 20\/06\/2011.<div id=\"videoincontent\" style=\"clear:both\";><\/div><\/p>\n\n\n\n<p>Nella tabella di copertina si vede come i cantieri dell&#8217;opera seguano immediatamente quelli delle attivit\u00e0 anticipate.<\/p>\n\n\n\n<p>Di seguito gli screen del dettaglio delle attivit\u00e0 del <strong>cronoprogramma <\/strong>con la relativa legenda.<\/p>\n\n\n\n<div class=\"wp-block-image\"><figure class=\"aligncenter size-large\"><img loading=\"lazy\" width=\"595\" height=\"842\" src=\"https:\/\/www.messinaoggi.it\/website\/wp-content\/uploads\/2025\/09\/Crono-pubblicazione_001.png\" alt=\"\" class=\"wp-image-249938\" srcset=\"https:\/\/www.messinaoggi.it\/website\/wp-content\/uploads\/2025\/09\/Crono-pubblicazione_001.png 595w, https:\/\/www.messinaoggi.it\/website\/wp-content\/uploads\/2025\/09\/Crono-pubblicazione_001-212x300.png 212w\" sizes=\"(max-width: 595px) 100vw, 595px\" \/><figcaption>Parte I<\/figcaption><\/figure><\/div>\n\n\n\n<figure class=\"wp-block-image size-large\"><img loading=\"lazy\" width=\"595\" height=\"842\" src=\"https:\/\/www.messinaoggi.it\/website\/wp-content\/uploads\/2025\/09\/Crono-pubblicazione_002.png\" alt=\"\" class=\"wp-image-249939\" srcset=\"https:\/\/www.messinaoggi.it\/website\/wp-content\/uploads\/2025\/09\/Crono-pubblicazione_002.png 595w, https:\/\/www.messinaoggi.it\/website\/wp-content\/uploads\/2025\/09\/Crono-pubblicazione_002-212x300.png 212w\" sizes=\"(max-width: 595px) 100vw, 595px\" \/><\/figure>\n\n\n\n<div class=\"wp-block-image\"><figure class=\"aligncenter size-large\"><img loading=\"lazy\" width=\"902\" height=\"353\" src=\"https:\/\/www.messinaoggi.it\/website\/wp-content\/uploads\/2025\/09\/Sottotitolo-11.png\" alt=\"\" class=\"wp-image-249940\" srcset=\"https:\/\/www.messinaoggi.it\/website\/wp-content\/uploads\/2025\/09\/Sottotitolo-11.png 902w, https:\/\/www.messinaoggi.it\/website\/wp-content\/uploads\/2025\/09\/Sottotitolo-11-300x117.png 300w, https:\/\/www.messinaoggi.it\/website\/wp-content\/uploads\/2025\/09\/Sottotitolo-11-768x301.png 768w\" sizes=\"(max-width: 902px) 100vw, 902px\" \/><\/figure><\/div>\n\n\n\n<p><strong>Articoli precedenti<\/strong><\/p>\n\n\n\n<ol><li><a href=\"http:\/\/www.messinaoggi.it\/website\/2025\/06\/28\/ecco-come-potrebbe-essere-la-nuova-stazione-messina-ponte\/\">Ecco come potrebbe essere la nuova stazione Messina Ponte<\/a> (28\/06\/25)<\/li><li><a href=\"http:\/\/www.messinaoggi.it\/website\/2025\/07\/05\/ponte-lesproprio-per-pubblica-utilita-una-scelta-difficile-ma-necessaria-per-il-bene-comune\/\">Ponte. L\u2019esproprio per pubblica utilit\u00e0: una scelta difficile ma necessaria per il bene comune<\/a> (05\/07\/25)<\/li><li><a href=\"http:\/\/www.messinaoggi.it\/website\/2025\/07\/14\/una-pista-ciclabile-sul-ponte-sullo-stretto-di-messina\/\">Una pista ciclabile sul Ponte sullo Stretto di Messina<\/a> (14\/07\/25)<\/li><li><a href=\"http:\/\/www.messinaoggi.it\/website\/2025\/07\/18\/la-stazione-di-messina-ponte-sara-a-gazzi\/\">La stazione di Messina Ponte sar\u00e0 a Gazzi?<\/a> (18\/07\/25)<\/li><li><a href=\"http:\/\/www.messinaoggi.it\/website\/2025\/07\/26\/pubblicate-laltro-ieri-sul-sito-del-mase-le-324-tavole-del-progetto-del-collegamento-ferroviario-del-ponte\/\">ubblicate sul sito del MASE le 324 tavole del progetto del collegamento ferroviario del Ponte<\/a> (26\/07\/25)<\/li><li><a href=\"https:\/\/www.messinaoggi.it\/website\/2025\/08\/05\/salvini-domani-6-agosto-alle-19-al-grecale-a-messina-coincidenza-con-lapprovazione-del-cipess-avvenuta-alle-1230\/\">Salvini domani 6 agosto alle 19 al Grecale a Messina, coincidenza con l\u2019approvazione del cipess avvenuta alle 12:30<\/a> (05\/08\/25)<\/li><li><a href=\"https:\/\/www.messinaoggi.it\/website\/2025\/08\/06\/via-libera-del-cipess-al-progetto-definitivo-del-ponte-sullo-stretto\/\">Via libera del CIPESS al progetto definitivo del Ponte sullo Stretto<\/a> (06\/08\/25)<\/li><li><a href=\"https:\/\/www.messinaoggi.it\/website\/2025\/08\/11\/fallimento-totale-la-manifestazione-delle-feluche-no-ponte\/\">FALLIMENTO TOTALE LA MANIFESTAZIONE DELLE FELUCHE NO PONTE<\/a> (11\/08\/25)<\/li><li><a href=\"https:\/\/www.messinaoggi.it\/website\/2025\/09\/07\/bozza-di-rendering-di-come-potrebbe-essere-lo-snodo-contesse-dopo-la-demolizione-di-palazzi-gia-prevista-dal-pd2011\/\">BOZZA DI RENDERING DI COME POTREBBE ESSERE LO SNODO CONTESSE DOPO LA DEMOLIZIONE DI PALAZZI GI\u00c0 PREVISTA DAL PD2011<\/a> (07\/09\/25)<\/li><li><a href=\"https:\/\/www.messinaoggi.it\/website\/2025\/09\/12\/cronoprogramma-attivita-anticipate-a-partire-dal-20-10-25-tavola-ger0327-del-20-04-24-aggiornata\/\">CRONOPROGRAMMA ATTIVIT\u00c0 ANTICIPATE A PARTIRE DAL 20\/10\/25 (tavola GER0327 del 20\/04\/24 aggiornata)<\/a> (12\/09\/2025)<\/li><\/ol>\n","protected":false},"excerpt":{"rendered":"<p>Dalla trasmissione del Governo alla Corte dei Conti, avvenuta il 9 settembre 2025, la Corte dei Conti si esprimer\u00e0 entro il 9 ottobre (termine ordinario) e da quel momento la pubblicazione in Gazzetta Ufficiale avverr\u00e0 dopo 10 giorni. Ne segue che luned\u00ec 20 ottobre 2025 sar\u00e0 il giorno di inizio lavori del Ponte sullo Stretto [&hellip;]<\/p>\n","protected":false},"author":123458,"featured_media":249936,"comment_status":"open","ping_status":"open","sticky":false,"template":"","format":"standard","meta":{"ub_ctt_via":"","_mi_skip_tracking":false},"categories":[19,7567,6],"tags":[7356,11454,7298,1037],"featured_image_src":"https:\/\/www.messinaoggi.it\/website\/wp-content\/uploads\/2025\/09\/riepilogo.bmp","author_info":{"display_name":"Giuseppe Palamara","author_link":"https:\/\/www.messinaoggi.it\/website\/author\/gipal\/"},"digistream_id":0,"digistream":false,"_links":{"self":[{"href":"https:\/\/www.messinaoggi.it\/website\/wp-json\/wp\/v2\/posts\/249934"}],"collection":[{"href":"https:\/\/www.messinaoggi.it\/website\/wp-json\/wp\/v2\/posts"}],"about":[{"href":"https:\/\/www.messinaoggi.it\/website\/wp-json\/wp\/v2\/types\/post"}],"author":[{"embeddable":true,"href":"https:\/\/www.messinaoggi.it\/website\/wp-json\/wp\/v2\/users\/123458"}],"replies":[{"embeddable":true,"href":"https:\/\/www.messinaoggi.it\/website\/wp-json\/wp\/v2\/comments?post=249934"}],"version-history":[{"count":4,"href":"https:\/\/www.messinaoggi.it\/website\/wp-json\/wp\/v2\/posts\/249934\/revisions"}],"predecessor-version":[{"id":249943,"href":"https:\/\/www.messinaoggi.it\/website\/wp-json\/wp\/v2\/posts\/249934\/revisions\/249943"}],"wp:featuredmedia":[{"embeddable":true,"href":"https:\/\/www.messinaoggi.it\/website\/wp-json\/wp\/v2\/media\/249936"}],"wp:attachment":[{"href":"https:\/\/www.messinaoggi.it\/website\/wp-json\/wp\/v2\/media?parent=249934"}],"wp:term":[{"taxonomy":"category","embeddable":true,"href":"https:\/\/www.messinaoggi.it\/website\/wp-json\/wp\/v2\/categories?post=249934"},{"taxonomy":"post_tag","embeddable":true,"href":"https:\/\/www.messinaoggi.it\/website\/wp-json\/wp\/v2\/tags?post=249934"}],"curies":[{"name":"wp","href":"https:\/\/api.w.org\/{rel}","templated":true}]}}