{"id":249923,"date":"2025-09-13T15:31:14","date_gmt":"2025-09-13T13:31:14","guid":{"rendered":"https:\/\/www.messinaoggi.it\/website\/2025\/09\/13\/sudtirol-palermo-divieto-di-trasferta-per-i-tifosi-rosanero-lagalla-inammissibile-e-inaccettabile\/"},"modified":"2025-09-13T15:31:14","modified_gmt":"2025-09-13T13:31:14","slug":"sudtirol-palermo-divieto-di-trasferta-per-i-tifosi-rosanero-lagalla-inammissibile-e-inaccettabile","status":"publish","type":"post","link":"https:\/\/www.messinaoggi.it\/website\/2025\/09\/13\/sudtirol-palermo-divieto-di-trasferta-per-i-tifosi-rosanero-lagalla-inammissibile-e-inaccettabile\/","title":{"rendered":"Sudtirol-Palermo, divieto di trasferta per i tifosi rosanero. Lagalla \u201cInammissibile e inaccettabile\u201d"},"content":{"rendered":"<div>\n<p>PALERMO (ITALPRESS) \u2013 <em>\u201cDecisione inammissibile e discriminatoria. Presenter\u00f2 un\u2019interrogazione urgente e chiamer\u00f2 il Commissario di Governo di Bolzano a rispondere in Parlamento\u201d.<\/em> Cos\u00ec, in una nota, <strong>Carolina Varchi, segretario di Presidenza della Camera dei Deputati e responsabile di Fratelli d\u2019Italia per le Politiche del Mezzogiorno,<\/strong> in merito al <strong>divieto di trasferta per i tifosi del Palermo deciso in occasione del match contro il Sudtirol.<\/strong> \u201c<em>Apprendere, a poche ore dalla partita Sudtirol-Palermo, che il Commissario del Governo per la provincia di Bolzano ha vietato la trasferta per i residenti in Sicilia lascia sbigottiti e suscita profonda indignazione. Una decisione inammissibile, senza precedenti, che crea non poco disagio soprattutto tra i tifosi rosanero, molti dei quali avevano gi\u00e0 sostenuto spese importanti per organizzare la trasferta non esattamente agevole da Palermo\u201d,<\/em> ha precisato Varchi.<div id=\"div-gpt-ad-Messinaoggi.it-DSK-300x250-corpoart\" style=\"text-align:center;margin:0 auto;\"><\/div><\/p>\n<p>\u201c<em>Non esiste alcuna ragione oggettiva che possa giustificare un provvedimento tanto restrittivo e discriminatorio: non ci sono episodi conflittuali pregressi tra le tifoserie, e il divieto limitato esclusivamente ai residenti in Sicilia assume i contorni di una misura vessatoria. Presenter\u00f2 un\u2019interrogazione urgente per conoscere nel dettaglio le motivazioni che hanno portato a un simile atto e soprattutto pretendo che sia fatta chiarezza. Non ci si pu\u00f2 permettere di colpire migliaia di tifosi onesti, che chiedono solo di poter seguire la propria squadra\u201d,<\/em> ha aggiunto la politica di Fratelli d\u2019Italia. <em>\u201cChiamer\u00f2 in Parlamento a rispondere di tale operato il Commissario del Governo, perch\u00e9 un provvedimento cos\u00ec arbitrario e penalizzante non pu\u00f2 passare sotto silenzio. \u00c8 in gioco non solo la passione sportiva, ma il rispetto dei cittadini siciliani e dei loro diritti\u201d,<\/em> ha concluso Varchi.<div id=\"videoincontent\" style=\"clear:both\";><\/div><\/p>\n<p><em><strong>\u201cApprendo con grande amarezza e profonda indignazione la decisione del commissario di Governo di Bolzano di vietare, a poche ore dalla partita Sudtirol-Palermo<\/strong>, la trasferta ai tifosi rosanero residenti in Sicilia. Una scelta che considero <strong>ingiustificata e irrispettosa<\/strong>, tanto nei modi quanto nei tempi. Non si pu\u00f2 accettare che centinaia di tifosi, che avevano gi\u00e0 acquistato biglietti aerei, organizzato spostamenti e sostenuto spese significative per seguire con passione e correttezza la propria squadra, vengano trattati in questo modo\u201d.<\/em> Cos\u00ec il sindaco di <strong>Palermo, Roberto Lagalla.<\/strong> \u201c<em>\u00c8 inaccettabile che il divieto sia stato comunicato con un preavviso cos\u00ec minimo, senza alcuna motivazione concreta legata alla sicurezza pubblica, tanto pi\u00f9 che nelle precedenti trasferte del Palermo a Bolzano non si sono mai verificati incidenti o criticit\u00e0. I tifosi rosanero hanno sempre dimostrato senso di responsabilit\u00e0 e grande attaccamento alla maglia, anche in trasferta\u201d<\/em>, aggiunge.<\/p>\n<p>-Foto IPA Agency-<br \/>\n(ITALPRESS).<\/p>\n<\/div>\n","protected":false},"excerpt":{"rendered":"<p>PALERMO (ITALPRESS) \u2013 \u201cDecisione inammissibile e discriminatoria. Presenter\u00f2 un\u2019interrogazione urgente e chiamer\u00f2 il Commissario di Governo di Bolzano a rispondere in Parlamento\u201d. Cos\u00ec, in una nota, Carolina Varchi, segretario di Presidenza della Camera dei Deputati e responsabile di Fratelli d\u2019Italia per le Politiche del Mezzogiorno, in merito al divieto di trasferta per i tifosi del [&hellip;]<\/p>\n","protected":false},"author":18,"featured_media":249924,"comment_status":"closed","ping_status":"closed","sticky":false,"template":"","format":"standard","meta":{"ub_ctt_via":"","_mi_skip_tracking":false},"categories":[2449],"tags":[783],"featured_image_src":"https:\/\/www.messinaoggi.it\/website\/wp-content\/uploads\/2025\/09\/TifosiPalermo.jpg","author_info":{"display_name":"Admin","author_link":"https:\/\/www.messinaoggi.it\/website\/author\/admin\/"},"digistream_id":0,"digistream":false,"_links":{"self":[{"href":"https:\/\/www.messinaoggi.it\/website\/wp-json\/wp\/v2\/posts\/249923"}],"collection":[{"href":"https:\/\/www.messinaoggi.it\/website\/wp-json\/wp\/v2\/posts"}],"about":[{"href":"https:\/\/www.messinaoggi.it\/website\/wp-json\/wp\/v2\/types\/post"}],"author":[{"embeddable":true,"href":"https:\/\/www.messinaoggi.it\/website\/wp-json\/wp\/v2\/users\/18"}],"replies":[{"embeddable":true,"href":"https:\/\/www.messinaoggi.it\/website\/wp-json\/wp\/v2\/comments?post=249923"}],"version-history":[{"count":0,"href":"https:\/\/www.messinaoggi.it\/website\/wp-json\/wp\/v2\/posts\/249923\/revisions"}],"wp:featuredmedia":[{"embeddable":true,"href":"https:\/\/www.messinaoggi.it\/website\/wp-json\/wp\/v2\/media\/249924"}],"wp:attachment":[{"href":"https:\/\/www.messinaoggi.it\/website\/wp-json\/wp\/v2\/media?parent=249923"}],"wp:term":[{"taxonomy":"category","embeddable":true,"href":"https:\/\/www.messinaoggi.it\/website\/wp-json\/wp\/v2\/categories?post=249923"},{"taxonomy":"post_tag","embeddable":true,"href":"https:\/\/www.messinaoggi.it\/website\/wp-json\/wp\/v2\/tags?post=249923"}],"curies":[{"name":"wp","href":"https:\/\/api.w.org\/{rel}","templated":true}]}}