{"id":249915,"date":"2025-09-13T13:31:12","date_gmt":"2025-09-13T11:31:12","guid":{"rendered":"https:\/\/www.messinaoggi.it\/website\/2025\/09\/13\/termovalorizzatori-schifani-il-22-settembre-firmeremo-il-contratto-di-appalto-siamo-davanti-ad-una-svolta-storica\/"},"modified":"2025-09-13T13:31:12","modified_gmt":"2025-09-13T11:31:12","slug":"termovalorizzatori-schifani-il-22-settembre-firmeremo-il-contratto-di-appalto-siamo-davanti-ad-una-svolta-storica","status":"publish","type":"post","link":"https:\/\/www.messinaoggi.it\/website\/2025\/09\/13\/termovalorizzatori-schifani-il-22-settembre-firmeremo-il-contratto-di-appalto-siamo-davanti-ad-una-svolta-storica\/","title":{"rendered":"Termovalorizzatori, Schifani \u201cIl 22 settembre firmeremo il contratto di appalto, siamo davanti ad una svolta storica\u201d"},"content":{"rendered":"<div>\n<p>PALERMO (ITALPRESS) \u2013 <em>\u201cSegniamo un altro passo decisivo per il futuro della Sicilia. <strong>Invitalia ha aggiudicato il progetto di fattibilit\u00e0 tecnico-economica per i due termovalorizzatori che sorgeranno a Palermo, nell\u2019area di Bellolampo, e a Catania, nella zona industriale, e il 22 settembre firmeremo il contratto di appalto a Palazzo d\u2019Orleans.<\/strong> Entro cinque mesi il progetto sar\u00e0 pronto. Seguiranno le gare per la progettazione esecutiva, la costruzione e la gestione degli impianti. Alla fine del 2026, potranno iniziare i lavori la cui conclusione \u00e8 prevista per il 2028. Si tratta di opere strategiche, come ne esistono a centinaia in tutta Europa, che la Sicilia attende da decenni e che cambieranno radicalmente la gestione dei rifiuti nella nostra Isola\u201d.<\/em> Il presidente della <strong>Regione Siciliana, Renato Schifani,<\/strong> detta il cronoprogramma dell\u2019iter che <strong>consentir\u00e0 alla Sicilia di risparmiare oltre 100 milioni all\u2019anno,<\/strong> perch\u00e9 non sar\u00e0 pi\u00f9 necessario spedire la spazzatura all\u2019estero, e di avere una gestione dei rifiuti efficiente e rispettosa per l\u2019ambiente.<div id=\"div-gpt-ad-Messinaoggi.it-DSK-300x250-corpoart\" style=\"text-align:center;margin:0 auto;\"><\/div><\/p>\n<p><em>\u201cSiamo davanti a una svolta storica, a un obiettivo che per anni \u00e8 sembrato irraggiungibile. La Sicilia cambia davvero passo. Insieme andiamo avanti<\/em> \u2013 sottolinea il presidente \u2013 <em>E non ci fermeremo anche se ci sono forze e apparati ostili che dicono sempre no allo sviluppo della nostra terra. Andremo avanti\u201d.<\/em><div id=\"videoincontent\" style=\"clear:both\";><\/div><\/p>\n<p>-Foto IPA Agency-<br \/>\n(ITALPRESS).<\/p>\n<\/div>\n","protected":false},"excerpt":{"rendered":"<p>PALERMO (ITALPRESS) \u2013 \u201cSegniamo un altro passo decisivo per il futuro della Sicilia. Invitalia ha aggiudicato il progetto di fattibilit\u00e0 tecnico-economica per i due termovalorizzatori che sorgeranno a Palermo, nell\u2019area di Bellolampo, e a Catania, nella zona industriale, e il 22 settembre firmeremo il contratto di appalto a Palazzo d\u2019Orleans. Entro cinque mesi il progetto [&hellip;]<\/p>\n","protected":false},"author":18,"featured_media":249916,"comment_status":"closed","ping_status":"closed","sticky":false,"template":"","format":"standard","meta":{"ub_ctt_via":"","_mi_skip_tracking":false},"categories":[2449],"tags":[783],"featured_image_src":"https:\/\/www.messinaoggi.it\/website\/wp-content\/uploads\/2025\/09\/Schifani-1-1-1.jpg","author_info":{"display_name":"Admin","author_link":"https:\/\/www.messinaoggi.it\/website\/author\/admin\/"},"digistream_id":0,"digistream":false,"_links":{"self":[{"href":"https:\/\/www.messinaoggi.it\/website\/wp-json\/wp\/v2\/posts\/249915"}],"collection":[{"href":"https:\/\/www.messinaoggi.it\/website\/wp-json\/wp\/v2\/posts"}],"about":[{"href":"https:\/\/www.messinaoggi.it\/website\/wp-json\/wp\/v2\/types\/post"}],"author":[{"embeddable":true,"href":"https:\/\/www.messinaoggi.it\/website\/wp-json\/wp\/v2\/users\/18"}],"replies":[{"embeddable":true,"href":"https:\/\/www.messinaoggi.it\/website\/wp-json\/wp\/v2\/comments?post=249915"}],"version-history":[{"count":0,"href":"https:\/\/www.messinaoggi.it\/website\/wp-json\/wp\/v2\/posts\/249915\/revisions"}],"wp:featuredmedia":[{"embeddable":true,"href":"https:\/\/www.messinaoggi.it\/website\/wp-json\/wp\/v2\/media\/249916"}],"wp:attachment":[{"href":"https:\/\/www.messinaoggi.it\/website\/wp-json\/wp\/v2\/media?parent=249915"}],"wp:term":[{"taxonomy":"category","embeddable":true,"href":"https:\/\/www.messinaoggi.it\/website\/wp-json\/wp\/v2\/categories?post=249915"},{"taxonomy":"post_tag","embeddable":true,"href":"https:\/\/www.messinaoggi.it\/website\/wp-json\/wp\/v2\/tags?post=249915"}],"curies":[{"name":"wp","href":"https:\/\/api.w.org\/{rel}","templated":true}]}}