{"id":249911,"date":"2025-09-12T21:31:12","date_gmt":"2025-09-12T19:31:12","guid":{"rendered":"https:\/\/www.messinaoggi.it\/website\/2025\/09\/12\/papa-leone-xiv-ringrazia-lampedusa-e-linosa-poi-annuncia-spero-di-essere-presto-li-in-presenza\/"},"modified":"2025-09-12T21:31:12","modified_gmt":"2025-09-12T19:31:12","slug":"papa-leone-xiv-ringrazia-lampedusa-e-linosa-poi-annuncia-spero-di-essere-presto-li-in-presenza","status":"publish","type":"post","link":"https:\/\/www.messinaoggi.it\/website\/2025\/09\/12\/papa-leone-xiv-ringrazia-lampedusa-e-linosa-poi-annuncia-spero-di-essere-presto-li-in-presenza\/","title":{"rendered":"Papa Leone XIV ringrazia Lampedusa e Linosa, poi annuncia \u201cSpero di essere presto l\u00ec in presenza\u201d"},"content":{"rendered":"<div>\n<p>CITT\u00c0 DEL VATICANO (ITALPRESS) \u2013 <strong>\u201c<em>Il mio \u00e8 un saluto a distanza, ma spero presto in presenza, di persona\u201d.<\/em><\/strong> Cos\u00ec <strong>Papa Leone XIV in un videomessaggio<\/strong> per la presentazione a Lampedusa della candidatura del progetto \u201cGesti dell\u2019accoglienza\u201d alla lista del Patrimonio culturale immateriale dell\u2019Unesco. <strong>Il Pontefice ha definito Lampedusa e Linosa \u201c<em>porta d\u2019Europa\u201d<\/em><\/strong>, ringraziando le due isole <strong><em>\u201cper l\u2019enorme impegno di accoglienza\u201d<\/em> <\/strong>di questi anni.<div id=\"div-gpt-ad-Messinaoggi.it-DSK-300x250-corpoart\" style=\"text-align:center;margin:0 auto;\"><\/div><\/p>\n<p><em><strong>\u201cIl mio \u201cgrazie\u201d \u00e8 il \u201cgrazie\u201d di tutta la Chiesa<\/strong> per la vostra testimonianza, prolunga e rinnova quello di Papa Francesco<\/em> \u2013 ha detto Leone XIV -. <em>\u201cGrazie\u201d alle associazioni, ai volontari, ai sindaci e alle amministrazioni che nel tempo si sono succeduti; \u201cgrazie\u201d ai sacerdoti, ai medici, alle forze di sicurezza e a tutti coloro che, spesso invisibilmente, hanno mostrato e mostrano il sorriso e l\u2019attenzione di un volto umano a persone sopravvissute nel loro viaggio disperato di speranza. Voi siete un baluardo di quell\u2019umanit\u00e0 che le ragioni gridate, le paure ataviche e i provvedimenti ingiusti tendono a incrinare. Non c\u2019\u00e8 giustizia senza compassione, non c\u2019\u00e8 legittimit\u00e0 senza ascolto del dolore altrui\u201d.<\/em><div id=\"videoincontent\" style=\"clear:both\";><\/div><\/p>\n<p><em>\u201c\u00c8 vero, col passare degli anni pu\u00f2 subentrare la stanchezza. Come in una corsa, pu\u00f2 mancare il fiato. Le fatiche tendono a mettere in questione ci\u00f2 che si \u00e8 fatto e, a volte, anche a dividerci<\/em> \u2013 ha proseguito -. <em>Bisogna reagire insieme, stando uniti e aprendoci di nuovo al respiro di Dio. <strong>Tutto il bene che avete fatto potrebbe sembrare come gocce nel mare. Non \u00e8 cos\u00ec, \u00e8 molto di pi\u00f9\u201d. <\/strong><\/em><\/p>\n<p><em>\u201cLa globalizzazione dell\u2019impotenza \u00e8 figlia di una menzogna: che la storia sia sempre andata cos\u00ec, che la storia sia scritta dai vincitori. Allora sembra che noi non possiamo nulla. Invece no: la storia \u00e8 devastata dai prepotenti, ma \u00e8 salvata dagli umili, dai giusti, dai martiri, nei quali il bene risplende e l\u2019autentica umanit\u00e0 resiste e si rinnova<\/em> \u2013 ha detto ancora il Pontefice -. <em>Dobbiamo diventare esperti di riconciliazione. Riconciliarsi \u00e8 un modo particolare di incontrarsi\u201d.<\/em><\/p>\n<p>\u2013 Foto IPA Agency \u2013<\/p>\n<p>(ITALPRESS).<\/p>\n<\/div>\n","protected":false},"excerpt":{"rendered":"<p>CITT\u00c0 DEL VATICANO (ITALPRESS) \u2013 \u201cIl mio \u00e8 un saluto a distanza, ma spero presto in presenza, di persona\u201d. Cos\u00ec Papa Leone XIV in un videomessaggio per la presentazione a Lampedusa della candidatura del progetto \u201cGesti dell\u2019accoglienza\u201d alla lista del Patrimonio culturale immateriale dell\u2019Unesco. Il Pontefice ha definito Lampedusa e Linosa \u201cporta d\u2019Europa\u201d, ringraziando le [&hellip;]<\/p>\n","protected":false},"author":18,"featured_media":249912,"comment_status":"closed","ping_status":"closed","sticky":false,"template":"","format":"standard","meta":{"ub_ctt_via":"","_mi_skip_tracking":false},"categories":[2449],"tags":[783],"featured_image_src":"https:\/\/www.messinaoggi.it\/website\/wp-content\/uploads\/2025\/09\/20250817_0641.jpg","author_info":{"display_name":"Admin","author_link":"https:\/\/www.messinaoggi.it\/website\/author\/admin\/"},"digistream_id":0,"digistream":false,"_links":{"self":[{"href":"https:\/\/www.messinaoggi.it\/website\/wp-json\/wp\/v2\/posts\/249911"}],"collection":[{"href":"https:\/\/www.messinaoggi.it\/website\/wp-json\/wp\/v2\/posts"}],"about":[{"href":"https:\/\/www.messinaoggi.it\/website\/wp-json\/wp\/v2\/types\/post"}],"author":[{"embeddable":true,"href":"https:\/\/www.messinaoggi.it\/website\/wp-json\/wp\/v2\/users\/18"}],"replies":[{"embeddable":true,"href":"https:\/\/www.messinaoggi.it\/website\/wp-json\/wp\/v2\/comments?post=249911"}],"version-history":[{"count":0,"href":"https:\/\/www.messinaoggi.it\/website\/wp-json\/wp\/v2\/posts\/249911\/revisions"}],"wp:featuredmedia":[{"embeddable":true,"href":"https:\/\/www.messinaoggi.it\/website\/wp-json\/wp\/v2\/media\/249912"}],"wp:attachment":[{"href":"https:\/\/www.messinaoggi.it\/website\/wp-json\/wp\/v2\/media?parent=249911"}],"wp:term":[{"taxonomy":"category","embeddable":true,"href":"https:\/\/www.messinaoggi.it\/website\/wp-json\/wp\/v2\/categories?post=249911"},{"taxonomy":"post_tag","embeddable":true,"href":"https:\/\/www.messinaoggi.it\/website\/wp-json\/wp\/v2\/tags?post=249911"}],"curies":[{"name":"wp","href":"https:\/\/api.w.org\/{rel}","templated":true}]}}