{"id":24988,"date":"2018-10-02T12:45:27","date_gmt":"2018-10-02T10:45:27","guid":{"rendered":"http:\/\/www.messinaoggi.it\/website\/?p=24988"},"modified":"2018-10-02T12:45:27","modified_gmt":"2018-10-02T10:45:27","slug":"laimo-niente-sciacallaggio-abusivo-per-le-baracche-dellannunziata","status":"publish","type":"post","link":"https:\/\/www.messinaoggi.it\/website\/2018\/10\/02\/laimo-niente-sciacallaggio-abusivo-per-le-baracche-dellannunziata\/","title":{"rendered":"Laimo: &quot;Niente sciacallaggio abusivo per le baracche dell&#039;Annunziata&quot;"},"content":{"rendered":"<div id=\"yMail_cursorElementTracker_1538466026527\">&#8220;Attenzione allo sciacallaggio abusivo&#8221;, questo il timore del\u00a0\u00a0consigliere della V Circoscrizione Franco Laimo, che lo mette nero su bianco attraverso un comunicato inviato agli organi di stampa: &#8220;Il timore che si ripetano fatti analoghi a quelli\u00a0verificatisi la scorsa settimana\u00a0a Fondo Sacc\u00e0 aleggia negli alloggi dell&#8217;Annunziata&#8221;.<\/div>\n<div><\/div>\n<div>Il riferimento esplicito si riferisce alle baracche della via 150\/A. &#8220;Non appena sar\u00e0 dato l&#8217;avvio allo sgombero, se non si procede all&#8217;immediata demolizione delle baracche, le stesse potrebbero essere nuovamente occupate da altra gente, con tutte le conseguenze che ne deriverebbero.<\/div>\n<div><\/div>\n<div>Conosciamo bene il mercato nero dell&#8217;edilizia abusiva che spesso coincide con la consegna di nuovi alloggi popolari: baracche promesse all&#8217;amico o al parente o addirittura vendute, o ancora casi di occupazione di quelle stesse baracche che un attimo prima erano state sgombrate&#8221;.<\/div>\n<div><\/div>\n<div>Secondo l&#8217;esponente di Sicilia Futura occorre attuare un serrato piano di controllo nelle aree da sbaraccare per evitare ritardi all&#8217;iter di risanamento.<\/div>\n<div><\/div>\n<div>In merito agli attuali residenti della via 150\/A, Laimo ribadisce:&#8221;\u00a0Conosciamo bene le tante problematiche, anche e soprattutto igienico-sanitarie;\u00a0questa gente ha &#8216;fame di dignit\u00e0&#8217; e da troppo tempo aspetta di essere trasferita negli alloggi di Matteotti; adesso la speranza \u00e8 che tutto l&#8217;iter si svolga nell&#8217;assoluta legalit\u00e0, tranquillit\u00e0 e celerit\u00e0&#8221;.<\/div>\n<div id=\"div-gpt-ad-Messinaoggi.it-DSK-300x250-corpoart\" style=\"text-align:center;margin:0 auto;\"><\/div><\/p><div id=\"videoincontent\" style=\"clear:both\";><\/div>","protected":false},"excerpt":{"rendered":"<p>&#8220;Attenzione allo sciacallaggio abusivo&#8221;, questo il timore del\u00a0\u00a0consigliere della V Circoscrizione Franco Laimo, che lo mette nero su bianco attraverso un comunicato inviato agli organi di stampa: &#8220;Il timore che si ripetano fatti analoghi a quelli\u00a0verificatisi la scorsa settimana\u00a0a Fondo Sacc\u00e0 aleggia negli alloggi dell&#8217;Annunziata&#8221;. Il riferimento esplicito si riferisce alle baracche della via 150\/A. [&hellip;]<\/p>\n","protected":false},"author":4,"featured_media":24989,"comment_status":"closed","ping_status":"open","sticky":false,"template":"","format":"standard","meta":{"ub_ctt_via":"","_mi_skip_tracking":false},"categories":[5],"tags":[],"featured_image_src":"https:\/\/www.messinaoggi.it\/website\/wp-content\/uploads\/2018\/10\/villaggio-Annunziata-baracche.jpg","author_info":{"display_name":"redme","author_link":"https:\/\/www.messinaoggi.it\/website\/author\/redme\/"},"digistream_id":0,"digistream":false,"_links":{"self":[{"href":"https:\/\/www.messinaoggi.it\/website\/wp-json\/wp\/v2\/posts\/24988"}],"collection":[{"href":"https:\/\/www.messinaoggi.it\/website\/wp-json\/wp\/v2\/posts"}],"about":[{"href":"https:\/\/www.messinaoggi.it\/website\/wp-json\/wp\/v2\/types\/post"}],"author":[{"embeddable":true,"href":"https:\/\/www.messinaoggi.it\/website\/wp-json\/wp\/v2\/users\/4"}],"replies":[{"embeddable":true,"href":"https:\/\/www.messinaoggi.it\/website\/wp-json\/wp\/v2\/comments?post=24988"}],"version-history":[{"count":0,"href":"https:\/\/www.messinaoggi.it\/website\/wp-json\/wp\/v2\/posts\/24988\/revisions"}],"wp:featuredmedia":[{"embeddable":true,"href":"https:\/\/www.messinaoggi.it\/website\/wp-json\/wp\/v2\/media\/24989"}],"wp:attachment":[{"href":"https:\/\/www.messinaoggi.it\/website\/wp-json\/wp\/v2\/media?parent=24988"}],"wp:term":[{"taxonomy":"category","embeddable":true,"href":"https:\/\/www.messinaoggi.it\/website\/wp-json\/wp\/v2\/categories?post=24988"},{"taxonomy":"post_tag","embeddable":true,"href":"https:\/\/www.messinaoggi.it\/website\/wp-json\/wp\/v2\/tags?post=24988"}],"curies":[{"name":"wp","href":"https:\/\/api.w.org\/{rel}","templated":true}]}}