{"id":249871,"date":"2025-09-12T17:31:14","date_gmt":"2025-09-12T15:31:14","guid":{"rendered":"https:\/\/www.messinaoggi.it\/website\/2025\/09\/12\/commissione-antimafia-in-missione-a-catania-audizioni-sulle-criticita-nella-sicurezza\/"},"modified":"2025-09-12T17:31:14","modified_gmt":"2025-09-12T15:31:14","slug":"commissione-antimafia-in-missione-a-catania-audizioni-sulle-criticita-nella-sicurezza","status":"publish","type":"post","link":"https:\/\/www.messinaoggi.it\/website\/2025\/09\/12\/commissione-antimafia-in-missione-a-catania-audizioni-sulle-criticita-nella-sicurezza\/","title":{"rendered":"Commissione Antimafia in missione a Catania, audizioni sulle criticit\u00e0 nella sicurezza"},"content":{"rendered":"<div>\n<p>CATANIA (ITALPRESS) \u2013 <strong>Missione a Catania della Commissione antimafia nazionale<\/strong>. In audizione, come primo appuntamento programmato, i componenti del Comitato provinciale per l\u2019ordine e la sicurezza per esaminare tutti gli aspetti che configurano le condizioni di criticit\u00e0 circa la situazione che si \u00e8 venuta a creare nel capoluogo etneo, dove la sicurezza \u00e8 vertiginosamente precipitata improvvisamente sul finire del mese di agosto con una serie di sparatorie notturne, in diversi quartieri della citt\u00e0.<div id=\"div-gpt-ad-Messinaoggi.it-DSK-300x250-corpoart\" style=\"text-align:center;margin:0 auto;\"><\/div><\/p>\n<p>Della delegazione dell\u2019Antimafia, guidata dal presidente Chiara Colosimo (Fdi), assistita dal segretario Anthony Barbagallo (Pd), fanno parte i senatori Salvatore Sallemi (Fdi), Luigi Nave (M5s), Dafne Musolino (Iv), insieme a tre siciliani: il catanese Anastasio Carr\u00e0 (Lega), gi\u00e0 sindaco di Motta; il brontese Giuseppe Castiglione (Fi-Ppe), gi\u00e0 presidente della Provincia regionale etnea, il messinese Francesco Gallo (Gruppo Misto). Non erano presenti i parlamentari eletti nel Siracusano (Daniela Ternullo Fi), nel Palermitano (Roberto Scarpinato (M5s) e Raoul Russo (Fdi), nel Catanese (Valeria Sudano, Lsp), e l\u2019ex sindaco di Niscemi Enza Rando (Pd), che nel frattempo si \u00e8 trasferita a Modena. Anche loro fanno parte dei cinquanta parlamentari della Bicamerale.<div id=\"videoincontent\" style=\"clear:both\";><\/div><\/p>\n<p>Le audizioni sono iniziate con l\u2019intervento del sindaco Enrico Trantino, che ospita il summit a Palazzo degli Elefanti, ed \u00e8 proseguita con gli interventi del prefetto Pietro Signoriello, del questore Giuseppe Bellassai, dei comandanti provinciali dei carabinieri, generale Salvatore Altavilla e della Guardia di finanza, generale Marco Filipponi, nonch\u00e9 il capocentro della Dia Felice Puzzo. Avendo potere di inchiesta, sia i commissari che le autorit\u00e0 invitate all\u2019audizione hanno assicurato la massima segretezza. Dopo la pausa pranzo, sar\u00e0 la volta del procuratore capo Francesco Curcio. Dopodich\u00e9, come da programma, nel pomeriggio, intorno alle 16, l\u2019annunciata conferenza stampa del presidente Chiara Colosimo per fare il punto della situazione.<\/p>\n<p>\u2013 foto xq4\/Italpress \u2013<\/p>\n<p>(ITALPRESS).<\/p>\n<\/div>\n","protected":false},"excerpt":{"rendered":"<p>CATANIA (ITALPRESS) \u2013 Missione a Catania della Commissione antimafia nazionale. In audizione, come primo appuntamento programmato, i componenti del Comitato provinciale per l\u2019ordine e la sicurezza per esaminare tutti gli aspetti che configurano le condizioni di criticit\u00e0 circa la situazione che si \u00e8 venuta a creare nel capoluogo etneo, dove la sicurezza \u00e8 vertiginosamente precipitata [&hellip;]<\/p>\n","protected":false},"author":18,"featured_media":249872,"comment_status":"closed","ping_status":"closed","sticky":false,"template":"","format":"standard","meta":{"ub_ctt_via":"","_mi_skip_tracking":false},"categories":[2449],"tags":[783],"featured_image_src":"https:\/\/www.messinaoggi.it\/website\/wp-content\/uploads\/2025\/09\/Commissione-Antimafia-Catania.jpg","author_info":{"display_name":"Admin","author_link":"https:\/\/www.messinaoggi.it\/website\/author\/admin\/"},"digistream_id":0,"digistream":false,"_links":{"self":[{"href":"https:\/\/www.messinaoggi.it\/website\/wp-json\/wp\/v2\/posts\/249871"}],"collection":[{"href":"https:\/\/www.messinaoggi.it\/website\/wp-json\/wp\/v2\/posts"}],"about":[{"href":"https:\/\/www.messinaoggi.it\/website\/wp-json\/wp\/v2\/types\/post"}],"author":[{"embeddable":true,"href":"https:\/\/www.messinaoggi.it\/website\/wp-json\/wp\/v2\/users\/18"}],"replies":[{"embeddable":true,"href":"https:\/\/www.messinaoggi.it\/website\/wp-json\/wp\/v2\/comments?post=249871"}],"version-history":[{"count":0,"href":"https:\/\/www.messinaoggi.it\/website\/wp-json\/wp\/v2\/posts\/249871\/revisions"}],"wp:featuredmedia":[{"embeddable":true,"href":"https:\/\/www.messinaoggi.it\/website\/wp-json\/wp\/v2\/media\/249872"}],"wp:attachment":[{"href":"https:\/\/www.messinaoggi.it\/website\/wp-json\/wp\/v2\/media?parent=249871"}],"wp:term":[{"taxonomy":"category","embeddable":true,"href":"https:\/\/www.messinaoggi.it\/website\/wp-json\/wp\/v2\/categories?post=249871"},{"taxonomy":"post_tag","embeddable":true,"href":"https:\/\/www.messinaoggi.it\/website\/wp-json\/wp\/v2\/tags?post=249871"}],"curies":[{"name":"wp","href":"https:\/\/api.w.org\/{rel}","templated":true}]}}