{"id":249855,"date":"2025-09-12T14:06:14","date_gmt":"2025-09-12T12:06:14","guid":{"rendered":"https:\/\/www.messinaoggi.it\/website\/2025\/09\/12\/ue-mattarella-ventotene-luogo-ispiratore-di-pace-e-democrazia\/"},"modified":"2025-09-12T14:06:14","modified_gmt":"2025-09-12T12:06:14","slug":"ue-mattarella-ventotene-luogo-ispiratore-di-pace-e-democrazia","status":"publish","type":"post","link":"https:\/\/www.messinaoggi.it\/website\/2025\/09\/12\/ue-mattarella-ventotene-luogo-ispiratore-di-pace-e-democrazia\/","title":{"rendered":"Ue, Mattarella \u201cVentotene luogo ispiratore di pace e democrazia\u201d"},"content":{"rendered":"<div>ROMA (ITALPRESS) &#8211; <em>&#8220;Ventotene da luogo di reclusione e oppressione sull&#8217;uomo e segno dell&#8217;assolutismo che grav\u00f2 sull&#8217;Italia con il regime fascista, si \u00e8 trasformata da tempo in uno dei luoghi ispiratori della affermazione dei valori di pace e democrazia che contraddistinguono l&#8217;esperienza di ci\u00f2 che \u00e8 divenuta la Unione Europea. Un luogo in cui vennero messi a dimora i semi della libert\u00e0 e di quel federalismo che hanno arricchito il dibattito dei popoli europei verso la meta di una unione di popoli indipendenti e liberi&#8221;<\/em>. Lo afferma il Presidente della Repubblica, Sergio <strong>Mattarella,<\/strong> in occasione della prima Conferenza Europea di <strong>Ventotene<\/strong> per la Pace e la Democrazia, in un messaggio inviato alla Vice Presidente del Parlamento Europeo, Pina Picierno.<div id=\"div-gpt-ad-Messinaoggi.it-DSK-300x250-corpoart\" style=\"text-align:center;margin:0 auto;\"><\/div><\/p>\n<p><em> &#8220;Fare l&#8217;Europa per superare la logica del conflitto e delle guerre, per evitare la oppressione dell&#8217;uomo sull&#8217;uomo, per ribadire la dignit\u00e0 di ogni essere umano, di ogni persona. Questo fu il messaggio potente che venne dagli esponenti antifascisti reclusi nell&#8217;isola, la cui lezione di vita rappresenta un esempio per le giovani generazioni&#8221;,<\/em> aggiunge. Per Mattarella &#8220;<em>i momenti formativi e di incontro che si succedono suonano conferma dell&#8217;attualit\u00e0 di ci\u00f2 che a Ventotene, nelle sofferenze del confino, nacque. E&#8217; un compito destinato a riproporsi per ogni generazione, quello di inverare i valori di libert\u00e0 che caratterizzarono la battaglia dei fondatori. A tutti i partecipanti all&#8217;odierna iniziativa giungano auguri di buon lavoro&#8221;<\/em>.<div id=\"videoincontent\" style=\"clear:both\";><\/div><\/p>\n<p>&#8211; foto Ipa Agency &#8211;<\/p>\n<p>(ITALPRESS).<\/p><\/div>\n","protected":false},"excerpt":{"rendered":"<p>ROMA (ITALPRESS) &#8211; &#8220;Ventotene da luogo di reclusione e oppressione sull&#8217;uomo e segno dell&#8217;assolutismo che grav\u00f2 sull&#8217;Italia con il regime fascista, si \u00e8 trasformata da tempo in uno dei luoghi ispiratori della affermazione dei valori di pace e democrazia che contraddistinguono l&#8217;esperienza di ci\u00f2 che \u00e8 divenuta la Unione Europea. Un luogo in cui vennero [&hellip;]<\/p>\n","protected":false},"author":18,"featured_media":249856,"comment_status":"closed","ping_status":"closed","sticky":false,"template":"","format":"standard","meta":{"ub_ctt_via":"","_mi_skip_tracking":false},"categories":[446],"tags":[783],"featured_image_src":"https:\/\/www.messinaoggi.it\/website\/wp-content\/uploads\/2025\/09\/20250912_0265.jpg","author_info":{"display_name":"Admin","author_link":"https:\/\/www.messinaoggi.it\/website\/author\/admin\/"},"digistream_id":0,"digistream":false,"_links":{"self":[{"href":"https:\/\/www.messinaoggi.it\/website\/wp-json\/wp\/v2\/posts\/249855"}],"collection":[{"href":"https:\/\/www.messinaoggi.it\/website\/wp-json\/wp\/v2\/posts"}],"about":[{"href":"https:\/\/www.messinaoggi.it\/website\/wp-json\/wp\/v2\/types\/post"}],"author":[{"embeddable":true,"href":"https:\/\/www.messinaoggi.it\/website\/wp-json\/wp\/v2\/users\/18"}],"replies":[{"embeddable":true,"href":"https:\/\/www.messinaoggi.it\/website\/wp-json\/wp\/v2\/comments?post=249855"}],"version-history":[{"count":0,"href":"https:\/\/www.messinaoggi.it\/website\/wp-json\/wp\/v2\/posts\/249855\/revisions"}],"wp:featuredmedia":[{"embeddable":true,"href":"https:\/\/www.messinaoggi.it\/website\/wp-json\/wp\/v2\/media\/249856"}],"wp:attachment":[{"href":"https:\/\/www.messinaoggi.it\/website\/wp-json\/wp\/v2\/media?parent=249855"}],"wp:term":[{"taxonomy":"category","embeddable":true,"href":"https:\/\/www.messinaoggi.it\/website\/wp-json\/wp\/v2\/categories?post=249855"},{"taxonomy":"post_tag","embeddable":true,"href":"https:\/\/www.messinaoggi.it\/website\/wp-json\/wp\/v2\/tags?post=249855"}],"curies":[{"name":"wp","href":"https:\/\/api.w.org\/{rel}","templated":true}]}}