{"id":249822,"date":"2025-09-11T21:31:23","date_gmt":"2025-09-11T19:31:23","guid":{"rendered":"https:\/\/www.messinaoggi.it\/website\/2025\/09\/11\/global-sumud-flotilla-i-manifestanti-a-siracusa-salutano-le-imbarcazioni-italiane-dirette-a-gaza-video\/"},"modified":"2025-09-11T21:31:23","modified_gmt":"2025-09-11T19:31:23","slug":"global-sumud-flotilla-i-manifestanti-a-siracusa-salutano-le-imbarcazioni-italiane-dirette-a-gaza-video","status":"publish","type":"post","link":"https:\/\/www.messinaoggi.it\/website\/2025\/09\/11\/global-sumud-flotilla-i-manifestanti-a-siracusa-salutano-le-imbarcazioni-italiane-dirette-a-gaza-video\/","title":{"rendered":"Global Sumud Flotilla, i manifestanti a Siracusa salutano le imbarcazioni italiane dirette a Gaza \/ Video"},"content":{"rendered":"<div>\n<p>SIRACUSA (ITALPRESS) \u2013 <strong>Sono arrivate al porto di Siracusa, dopo uno scalo ad Augusta, le 17 imbarcazioni siciliane dirette a unirsi alla Global Sumud Flotilla in navigazione verso la Striscia di Gaza.<\/strong> Le barche ritorneranno ad Augusta, da dove salperanno domani all\u2019alba per iniziare la traversata. Gli equipaggi sono sbarcati alla Marina tra gli applausi dei manifestanti e dei cittadini, muniti di bandiere palestinesi per sostenere la popolazione di Gaza. Tra gli slogan e gli striscioni le parole <em>\u201cFermiamo Israele\u201d, \u201cFree Palestine\u201d, \u201cNo genocidio\u201d.<\/em><div id=\"div-gpt-ad-Messinaoggi.it-DSK-300x250-corpoart\" style=\"text-align:center;margin:0 auto;\"><\/div><\/p>\n<p>Complessivamente la Global Sumud Flottila dovrebbe essere formata da circa 55 imbarcazioni. Maria Elena <strong>Delia<\/strong>, portavoce nazionale del Global Movement to Gaza e componente del comitato direttivo della Global Sumud Flotilla, ha raccontato degli episodi avvenuti a Tunisi nelle notti del 10 e 11 settembre:<em> \u201cIn quell\u2019equipaggio c\u2019\u00e8 anche un italiano, Tony La Piccirella, che era anche sull\u2019Andala e quando \u00e8 arrivato il primo drone c\u2019erano solo sei persone a bordo, ma quelle sei persone hanno avuto moltissima paura perch\u00e9 si \u00e8 generato un incendio a prua molto pesante. Anche la seconda notte su un\u2019altra barca, l\u2019Alma, le persone si sono molto spaventate. Fortunatamente non ci sono stati feriti o morti, per\u00f2 ribadisco: non se ne conosce l\u2019origine, ma qualunque essa sia noi l\u2019abbiamo vissuta come un\u2019intimidazione\u201d.<\/em><div id=\"videoincontent\" style=\"clear:both\";><\/div><\/p>\n<p>Delia ha aggiunto: <em>\u201cPartiremo da Siracusa per andare verso sud, verso le acque internazionali che ci porteranno poi verso la Striscia di Gaza. In questo tratto ci ricongiungeremo con i colleghi greci che partiranno con sei barche fra un paio di giorni e con tutte le imbarcazioni attualmente in Tunisia, che probabilmente partiranno oggi o domani. Quando saremo tutti partiti ci incontreremo in un punto e cominceremo a veleggiare, sperando che non ci siano inconvenienti, quindi droni o attacchi come ci sono stati a Tunisi. Chiunque ci fosse dietro ha comunque creato dei ritardi e molta paura\u201d<\/em>.<\/p>\n<div style=\"width: 640px;\" class=\"wp-video\"><!--[if lt IE 9]><script>document.createElement('video');<\/script><![endif]--><br \/>\n<video class=\"wp-video-shortcode\" id=\"video-576937-1\" width=\"640\" height=\"360\" preload=\"metadata\" controls=\"controls\"><source type=\"video\/mp4\" src=\"https:\/\/video.italpress.com\/storage\/news\/video\/2025\/9\/c4724aaeb5949987a40ad49ad23f05bf24120f27.mp4?_=1\"><\/source><a href=\"https:\/\/video.italpress.com\/storage\/news\/video\/2025\/9\/c4724aaeb5949987a40ad49ad23f05bf24120f27.mp4\">https:\/\/video.italpress.com\/storage\/news\/video\/2025\/9\/c4724aaeb5949987a40ad49ad23f05bf24120f27.mp4<\/a><\/video><\/div>\n<p><em> \u201cA Gaza<\/em> \u2013 ha spiegato \u2013 <em>arriveranno, speriamo, almeno una cinquantina di imbarcazioni tra quelle greche, le nostre e quelle attualmente attraccate in Tunisia, con a bordo circa 600-700 persone complessivamente\u201d<\/em>. Sulla prima imbarcazione arrivata a Siracusa, la Morgana, era presente il senatore del Movimento Cinque Stelle, Marco <strong>Croatti.<\/strong> <em>\u201cSono qui come comune cittadino con una carica istituzionale, da componente di una comunit\u00e0 come quella del Movimento Cinque Stelle che crede fortemente nelle battaglie sui diritti e le libert\u00e0<\/em> \u2013 ha detto -. <em>Questa non \u00e8 un\u2019azione politica, ma di cittadinanza che sta riempiendo le piazze in maniera importante, che deve essere supportata. In questo momento siamo in quattro parlamentari, ma presto queste azioni saranno ancora pi\u00f9 ampie. Abbiamo raccolto materiali utili a donne e bambini, la distribuzione degli aiuti a Gaza non avviene in maniera corretta\u201d.<\/em><\/p>\n<p>Sulla banchina, ad accogliere le barche, anche il presidente dell\u2019Ucoii \u2013 Unione delle Comunit\u00e0 Islamiche, Yassine <strong>Lafram,<\/strong> accompagnato dal vice presidente Kheit Abdelhafid, imam della moschea di Catania. <em>\u201cAbbiamo deciso di agire. Basta con le parole e le dichiarazioni. \u00c8 il momento delle azioni di fronte alla carneficina che vediamo consumarsi nella Striscia di Gaza<\/em> \u2013 ha sottolineato -. <em>Diventa doveroso per noi e un atto di dignit\u00e0 collettiva partire con una flotta di civili, con una missione umana e umanitaria, per rompere l\u2019assedio, portare gli aiuti e tornare a casa sani e salvi. La comunit\u00e0 islamica \u00e8 assolutamente compatta. Oltre due milioni di persone sono attaccate ad Al Jazeera per osservare in diretta tv quelle immagini brutali che vediamo ogni giorno. Di fronte a quelle immagini abbiamo scelto di reagire con la speranza della nostra Flotilla\u201d.<\/em> Le imbarcazioni salpate da Siracusa si ritireranno di nuovo ad Augusta per salpare domani mattina all\u2019alba. In partenza c\u2019\u00e8 anche la Life Support di Emergency. La nave di ricerca e soccorso dell\u2019Ong fondata da Gino Strada sar\u00e0 l\u2019ultima a partire delle barche italiane dirette a Gaza, avr\u00e0 il ruolo di nave osservatrice e offrir\u00e0 supporto medico e logistico alle navi che dovessero averne necessit\u00e0.<\/p>\n<p>\u2013 foto xo5\/Italpress \u2013<\/p>\n<p>(ITALPRESS).<\/p>\n<\/div>\n","protected":false},"excerpt":{"rendered":"<p>SIRACUSA (ITALPRESS) \u2013 Sono arrivate al porto di Siracusa, dopo uno scalo ad Augusta, le 17 imbarcazioni siciliane dirette a unirsi alla Global Sumud Flotilla in navigazione verso la Striscia di Gaza. Le barche ritorneranno ad Augusta, da dove salperanno domani all\u2019alba per iniziare la traversata. Gli equipaggi sono sbarcati alla Marina tra gli applausi [&hellip;]<\/p>\n","protected":false},"author":18,"featured_media":249823,"comment_status":"closed","ping_status":"closed","sticky":false,"template":"","format":"standard","meta":{"ub_ctt_via":"","_mi_skip_tracking":false},"categories":[2449],"tags":[783],"featured_image_src":"https:\/\/www.messinaoggi.it\/website\/wp-content\/uploads\/2025\/09\/Flotilla.jpg","author_info":{"display_name":"Admin","author_link":"https:\/\/www.messinaoggi.it\/website\/author\/admin\/"},"digistream_id":0,"digistream":false,"_links":{"self":[{"href":"https:\/\/www.messinaoggi.it\/website\/wp-json\/wp\/v2\/posts\/249822"}],"collection":[{"href":"https:\/\/www.messinaoggi.it\/website\/wp-json\/wp\/v2\/posts"}],"about":[{"href":"https:\/\/www.messinaoggi.it\/website\/wp-json\/wp\/v2\/types\/post"}],"author":[{"embeddable":true,"href":"https:\/\/www.messinaoggi.it\/website\/wp-json\/wp\/v2\/users\/18"}],"replies":[{"embeddable":true,"href":"https:\/\/www.messinaoggi.it\/website\/wp-json\/wp\/v2\/comments?post=249822"}],"version-history":[{"count":0,"href":"https:\/\/www.messinaoggi.it\/website\/wp-json\/wp\/v2\/posts\/249822\/revisions"}],"wp:featuredmedia":[{"embeddable":true,"href":"https:\/\/www.messinaoggi.it\/website\/wp-json\/wp\/v2\/media\/249823"}],"wp:attachment":[{"href":"https:\/\/www.messinaoggi.it\/website\/wp-json\/wp\/v2\/media?parent=249822"}],"wp:term":[{"taxonomy":"category","embeddable":true,"href":"https:\/\/www.messinaoggi.it\/website\/wp-json\/wp\/v2\/categories?post=249822"},{"taxonomy":"post_tag","embeddable":true,"href":"https:\/\/www.messinaoggi.it\/website\/wp-json\/wp\/v2\/tags?post=249822"}],"curies":[{"name":"wp","href":"https:\/\/api.w.org\/{rel}","templated":true}]}}