{"id":249798,"date":"2025-09-11T15:16:12","date_gmt":"2025-09-11T13:16:12","guid":{"rendered":"https:\/\/www.messinaoggi.it\/website\/2025\/09\/11\/inaugurata-la-decima-edizione-della-comic-convention-a-palermo-tamajo-una-vetrina-per-la-nostra-citta\/"},"modified":"2025-09-11T15:16:12","modified_gmt":"2025-09-11T13:16:12","slug":"inaugurata-la-decima-edizione-della-comic-convention-a-palermo-tamajo-una-vetrina-per-la-nostra-citta","status":"publish","type":"post","link":"https:\/\/www.messinaoggi.it\/website\/2025\/09\/11\/inaugurata-la-decima-edizione-della-comic-convention-a-palermo-tamajo-una-vetrina-per-la-nostra-citta\/","title":{"rendered":"Inaugurata la decima edizione della Comic Convention a Palermo, Tamajo: \u201cUna vetrina per la nostra citt\u00e0\u201d"},"content":{"rendered":"<div>\n<p>PALERMO (ITALPRESS) \u2013 Inaugurata la <strong>decima edizione della Comic Convention Palermo,<\/strong> evento che negli anni ha saputo crescere e diventare un <strong>punto di riferimento per appassionati, imprese e operatori del settore<\/strong>.<div id=\"div-gpt-ad-Messinaoggi.it-DSK-300x250-corpoart\" style=\"text-align:center;margin:0 auto;\"><\/div><\/p>\n<p><em>\u201cQuesta fiera<\/em> \u2013 sottolinea l<strong>\u2018assessore regionale alle Attivit\u00e0 Produttive, Edy Tamajo, presente al taglio del nastro<\/strong> \u2013<em> non \u00e8 soltanto un momento di svago e intrattenimento, ma rappresenta un vero indotto economico per le imprese locali e una vetrina per la nostra citt\u00e0. Nel resto d\u2019Europa il mondo del fumetto e del cosplay \u00e8 conosciutissimo, mentre a Palermo stenta ancora ad affermarsi. Eppure si tratta di un settore che genera creativit\u00e0, lavoro e nuove opportunit\u00e0\u201d.<\/em><div id=\"videoincontent\" style=\"clear:both\";><\/div><\/p>\n<p>Tamajo evidenzia come eventi di questo genere contribuiscano a rafforzare l\u2019immagine di Palermo: <em>\u201cGrazie alla Comic Convention<\/em> \u2013 dichiara \u2013<em> Palermo si conferma centro di innovazione culturale. La citt\u00e0 deve imparare a liberarsi dai pregiudizi, coltivare curiosit\u00e0 e aprirsi alle novit\u00e0: solo cos\u00ec pu\u00f2 restare al passo con i tempi e valorizzare appieno il proprio potenziale\u201d.<\/em><\/p>\n<p>Quest\u2019anno la Comic Convention, giunta alla sua decima stagione, propone un programma ancora pi\u00f9 ricco di stand, novit\u00e0 e ospiti, confermandosi come un appuntamento atteso non solo dal pubblico siciliano, ma anche da visitatori e imprese provenienti da tutta Italia.<\/p>\n<p>-Foto ufficio stampa Edy Tamajo-<br \/>\n(ITALPRESS).<\/p>\n<\/div>\n","protected":false},"excerpt":{"rendered":"<p>PALERMO (ITALPRESS) \u2013 Inaugurata la decima edizione della Comic Convention Palermo, evento che negli anni ha saputo crescere e diventare un punto di riferimento per appassionati, imprese e operatori del settore. \u201cQuesta fiera \u2013 sottolinea l\u2018assessore regionale alle Attivit\u00e0 Produttive, Edy Tamajo, presente al taglio del nastro \u2013 non \u00e8 soltanto un momento di svago [&hellip;]<\/p>\n","protected":false},"author":18,"featured_media":249799,"comment_status":"closed","ping_status":"closed","sticky":false,"template":"","format":"standard","meta":{"ub_ctt_via":"","_mi_skip_tracking":false},"categories":[2449],"tags":[783],"featured_image_src":"https:\/\/www.messinaoggi.it\/website\/wp-content\/uploads\/2025\/09\/WhatsApp-Image-2025-09-11-at-13.28.58.jpeg","author_info":{"display_name":"Admin","author_link":"https:\/\/www.messinaoggi.it\/website\/author\/admin\/"},"digistream_id":0,"digistream":false,"_links":{"self":[{"href":"https:\/\/www.messinaoggi.it\/website\/wp-json\/wp\/v2\/posts\/249798"}],"collection":[{"href":"https:\/\/www.messinaoggi.it\/website\/wp-json\/wp\/v2\/posts"}],"about":[{"href":"https:\/\/www.messinaoggi.it\/website\/wp-json\/wp\/v2\/types\/post"}],"author":[{"embeddable":true,"href":"https:\/\/www.messinaoggi.it\/website\/wp-json\/wp\/v2\/users\/18"}],"replies":[{"embeddable":true,"href":"https:\/\/www.messinaoggi.it\/website\/wp-json\/wp\/v2\/comments?post=249798"}],"version-history":[{"count":0,"href":"https:\/\/www.messinaoggi.it\/website\/wp-json\/wp\/v2\/posts\/249798\/revisions"}],"wp:featuredmedia":[{"embeddable":true,"href":"https:\/\/www.messinaoggi.it\/website\/wp-json\/wp\/v2\/media\/249799"}],"wp:attachment":[{"href":"https:\/\/www.messinaoggi.it\/website\/wp-json\/wp\/v2\/media?parent=249798"}],"wp:term":[{"taxonomy":"category","embeddable":true,"href":"https:\/\/www.messinaoggi.it\/website\/wp-json\/wp\/v2\/categories?post=249798"},{"taxonomy":"post_tag","embeddable":true,"href":"https:\/\/www.messinaoggi.it\/website\/wp-json\/wp\/v2\/tags?post=249798"}],"curies":[{"name":"wp","href":"https:\/\/api.w.org\/{rel}","templated":true}]}}