{"id":249735,"date":"2025-09-11T00:06:03","date_gmt":"2025-09-10T22:06:03","guid":{"rendered":"https:\/\/www.messinaoggi.it\/website\/2025\/09\/10\/urso-per-rilancio-dellindustria-europea-serve-uno-shock-di-riforme\/"},"modified":"2025-09-11T15:08:59","modified_gmt":"2025-09-11T13:08:59","slug":"urso-per-rilancio-dellindustria-europea-serve-uno-shock-di-riforme","status":"publish","type":"post","link":"https:\/\/www.messinaoggi.it\/website\/2025\/09\/11\/urso-per-rilancio-dellindustria-europea-serve-uno-shock-di-riforme\/","title":{"rendered":"Urso \u201cPer rilancio dell\u2019industria europea serve uno shock di riforme\u201d"},"content":{"rendered":"<div>ROMA (ITALPRESS) &#8211; &#8220;Con le mezze misure non si rilancia l&#8217;industria europea: serve uno shock di riforme, subito. Venerd\u00ec sar\u00e0 il giorno della verit\u00e0 per il futuro dell&#8217;automotive europeo&#8221;. Lo dichiara il ministro delle Imprese e del Made in Italy, Adolfo Urso, commentando il discorso sullo Stato dell&#8217;Unione europea della presidente della Commissione, Ursula von der Leyen, alla vigilia del Dialogo strategico sull&#8217;automotive in programma il 12 settembre a Bruxelles. &#8220;Serve pragmatismo, flessibilit\u00e0 e sostenibilit\u00e0, sfruttando tutte le tecnologie disponibili, sia in termini di motorizzazione che di alimentazione&#8221;, ha aggiunto Urso, sottolineando come le aperture odierne della presidente della Commissione restino ancora &#8220;troppo timide&#8221; di fronte alla gravit\u00e0 della crisi del settore automotive che necessita di &#8220;interventi immediati, radicali e strategici&#8221;. <br \/>Per il ministro &#8220;sulla siderurgia stanno invece prevalendo le posizioni italiane, tra cui la previsione di misure di salvaguardia che non dovranno limitarsi all&#8217;acciaio, ma estendersi a tutti i settori minacciati&#8221;. Bene, infine, la previsione di clausole per favorire il Made in Europe, sia negli appalti pubblici che negli incentivi: &#8220;questa \u00e8 la strada giusta&#8221;, ha concluso Urso.<br \/>(ITALPRESS).<br \/>-Foto: Italpress-<\/div>\n<div id=\"div-gpt-ad-Messinaoggi.it-DSK-300x250-corpoart\" style=\"text-align:center;margin:0 auto;\"><\/div><\/p><div id=\"videoincontent\" style=\"clear:both\";><\/div>","protected":false},"excerpt":{"rendered":"<p>ROMA (ITALPRESS) &#8211; &#8220;Con le mezze misure non si rilancia l&#8217;industria europea: serve uno shock di riforme, subito. Venerd\u00ec sar\u00e0 il giorno della verit\u00e0 per il futuro dell&#8217;automotive europeo&#8221;. Lo dichiara il ministro delle Imprese e del Made in Italy, Adolfo Urso, commentando il discorso sullo Stato dell&#8217;Unione europea della presidente della Commissione, Ursula von [&hellip;]<\/p>\n","protected":false},"author":18,"featured_media":249736,"comment_status":"closed","ping_status":"closed","sticky":false,"template":"","format":"standard","meta":{"ub_ctt_via":"","_mi_skip_tracking":false},"categories":[446,4],"tags":[783],"featured_image_src":"https:\/\/www.messinaoggi.it\/website\/wp-content\/uploads\/2025\/09\/20250910_1949.jpg","author_info":{"display_name":"Admin","author_link":"https:\/\/www.messinaoggi.it\/website\/author\/admin\/"},"digistream_id":0,"digistream":false,"_links":{"self":[{"href":"https:\/\/www.messinaoggi.it\/website\/wp-json\/wp\/v2\/posts\/249735"}],"collection":[{"href":"https:\/\/www.messinaoggi.it\/website\/wp-json\/wp\/v2\/posts"}],"about":[{"href":"https:\/\/www.messinaoggi.it\/website\/wp-json\/wp\/v2\/types\/post"}],"author":[{"embeddable":true,"href":"https:\/\/www.messinaoggi.it\/website\/wp-json\/wp\/v2\/users\/18"}],"replies":[{"embeddable":true,"href":"https:\/\/www.messinaoggi.it\/website\/wp-json\/wp\/v2\/comments?post=249735"}],"version-history":[{"count":1,"href":"https:\/\/www.messinaoggi.it\/website\/wp-json\/wp\/v2\/posts\/249735\/revisions"}],"predecessor-version":[{"id":249790,"href":"https:\/\/www.messinaoggi.it\/website\/wp-json\/wp\/v2\/posts\/249735\/revisions\/249790"}],"wp:featuredmedia":[{"embeddable":true,"href":"https:\/\/www.messinaoggi.it\/website\/wp-json\/wp\/v2\/media\/249736"}],"wp:attachment":[{"href":"https:\/\/www.messinaoggi.it\/website\/wp-json\/wp\/v2\/media?parent=249735"}],"wp:term":[{"taxonomy":"category","embeddable":true,"href":"https:\/\/www.messinaoggi.it\/website\/wp-json\/wp\/v2\/categories?post=249735"},{"taxonomy":"post_tag","embeddable":true,"href":"https:\/\/www.messinaoggi.it\/website\/wp-json\/wp\/v2\/tags?post=249735"}],"curies":[{"name":"wp","href":"https:\/\/api.w.org\/{rel}","templated":true}]}}