{"id":249697,"date":"2025-09-10T12:05:59","date_gmt":"2025-09-10T10:05:59","guid":{"rendered":"https:\/\/www.messinaoggi.it\/website\/2025\/09\/10\/polonia-tajani-violazione-territorio-gravissima-e-inaccettabile\/"},"modified":"2025-09-10T12:05:59","modified_gmt":"2025-09-10T10:05:59","slug":"polonia-tajani-violazione-territorio-gravissima-e-inaccettabile","status":"publish","type":"post","link":"https:\/\/www.messinaoggi.it\/website\/2025\/09\/10\/polonia-tajani-violazione-territorio-gravissima-e-inaccettabile\/","title":{"rendered":"Polonia, Tajani \u201cViolazione territorio gravissima e inaccettabile\u201d"},"content":{"rendered":"<div>ROMA (ITALPRESS) &#8211; &#8220;Condanno con fermezza la violazione del territorio polacco da parte di droni russi: un fatto gravissimo e inaccettabile, che \u00e8 un&#8217;offesa alla sicurezza dell&#8217;intera area euro-atlantica&#8221;. Lo scrive su X il ministro degli Esteri Antonio Tajani che aggiunge: &#8220;L&#8217;Italia esprime piena solidariet\u00e0 alla Polonia, Paese amico e alleato, ribadendo il suo impegno per la difesa della sovranit\u00e0 e dell&#8217;integrit\u00e0 territoriale. Ogni provocazione va respinta con fermezza e unit\u00e0 da parte dell&#8217;Europa&#8221;.<br \/>-foto Ipa Agency-<br \/>(ITALPRESS).<\/div>\n<div id=\"div-gpt-ad-Messinaoggi.it-DSK-300x250-corpoart\" style=\"text-align:center;margin:0 auto;\"><\/div><\/p><div id=\"videoincontent\" style=\"clear:both\";><\/div>","protected":false},"excerpt":{"rendered":"<p>ROMA (ITALPRESS) &#8211; &#8220;Condanno con fermezza la violazione del territorio polacco da parte di droni russi: un fatto gravissimo e inaccettabile, che \u00e8 un&#8217;offesa alla sicurezza dell&#8217;intera area euro-atlantica&#8221;. Lo scrive su X il ministro degli Esteri Antonio Tajani che aggiunge: &#8220;L&#8217;Italia esprime piena solidariet\u00e0 alla Polonia, Paese amico e alleato, ribadendo il suo impegno [&hellip;]<\/p>\n","protected":false},"author":18,"featured_media":249698,"comment_status":"closed","ping_status":"closed","sticky":false,"template":"","format":"standard","meta":{"ub_ctt_via":"","_mi_skip_tracking":false},"categories":[446],"tags":[783],"featured_image_src":"https:\/\/www.messinaoggi.it\/website\/wp-content\/uploads\/2025\/09\/20250910_0210.jpg","author_info":{"display_name":"Admin","author_link":"https:\/\/www.messinaoggi.it\/website\/author\/admin\/"},"digistream_id":0,"digistream":false,"_links":{"self":[{"href":"https:\/\/www.messinaoggi.it\/website\/wp-json\/wp\/v2\/posts\/249697"}],"collection":[{"href":"https:\/\/www.messinaoggi.it\/website\/wp-json\/wp\/v2\/posts"}],"about":[{"href":"https:\/\/www.messinaoggi.it\/website\/wp-json\/wp\/v2\/types\/post"}],"author":[{"embeddable":true,"href":"https:\/\/www.messinaoggi.it\/website\/wp-json\/wp\/v2\/users\/18"}],"replies":[{"embeddable":true,"href":"https:\/\/www.messinaoggi.it\/website\/wp-json\/wp\/v2\/comments?post=249697"}],"version-history":[{"count":0,"href":"https:\/\/www.messinaoggi.it\/website\/wp-json\/wp\/v2\/posts\/249697\/revisions"}],"wp:featuredmedia":[{"embeddable":true,"href":"https:\/\/www.messinaoggi.it\/website\/wp-json\/wp\/v2\/media\/249698"}],"wp:attachment":[{"href":"https:\/\/www.messinaoggi.it\/website\/wp-json\/wp\/v2\/media?parent=249697"}],"wp:term":[{"taxonomy":"category","embeddable":true,"href":"https:\/\/www.messinaoggi.it\/website\/wp-json\/wp\/v2\/categories?post=249697"},{"taxonomy":"post_tag","embeddable":true,"href":"https:\/\/www.messinaoggi.it\/website\/wp-json\/wp\/v2\/tags?post=249697"}],"curies":[{"name":"wp","href":"https:\/\/api.w.org\/{rel}","templated":true}]}}