{"id":249695,"date":"2025-09-10T12:05:56","date_gmt":"2025-09-10T10:05:56","guid":{"rendered":"https:\/\/www.messinaoggi.it\/website\/2025\/09\/10\/valditara-con-il-divieto-del-cellulare-a-scuola-tuteliamo-la-salute-dei-giovani\/"},"modified":"2025-09-10T12:05:56","modified_gmt":"2025-09-10T10:05:56","slug":"valditara-con-il-divieto-del-cellulare-a-scuola-tuteliamo-la-salute-dei-giovani","status":"publish","type":"post","link":"https:\/\/www.messinaoggi.it\/website\/2025\/09\/10\/valditara-con-il-divieto-del-cellulare-a-scuola-tuteliamo-la-salute-dei-giovani\/","title":{"rendered":"Valditara \u201cCon il divieto del cellulare a scuola tuteliamo la salute dei giovani\u201d"},"content":{"rendered":"<div>ROMA (ITALPRESS) &#8211; <em>&#8220;Con il divieto dell&#8217;uso del cellulare in classe tuteliamo la salute dei giovani, tutti gli studi dimostrano che l&#8217;uso frequente del cellulare crea dipendenza e incide sulla capacit\u00e0 di concertazione, di memorizzare, e sull&#8217;apprendimento, l&#8217;uso del cellulare porta a degli esiti peggiori rispetto all&#8217;apprendimento con altri strumenti&#8221;<\/em>. Lo ha detto il <strong>ministro dell&#8217;Istruzione e del Merito,<\/strong> Giuseppe <strong>Valditara,<\/strong> ospite di &#8220;Morning news&#8221;, su Canale 5.<div id=\"div-gpt-ad-Messinaoggi.it-DSK-300x250-corpoart\" style=\"text-align:center;margin:0 auto;\"><\/div><\/p>\n<p>Tra le altre novit\u00e0 del nuovo anno scolastico c&#8217;\u00e8 anche quella che riguarda il nuovo esame di maturit\u00e0:<em> &#8220;\u00e8 un cambiamento innanzitutto culturale, esame di Stato \u00e8 molto algido, valutare non soltanto le competenze, le conoscenze dello studente ma anche quel grado di autonomia, quel grado di responsabilit\u00e0, insomma quella crescita della persona a 360 gradi, non a caso abbiamo voluto premiare azioni particolarmente meritevoli. Va detto anche che questo esame fa chiarezza&#8221;.<\/em><div id=\"videoincontent\" style=\"clear:both\";><\/div><\/p>\n<p>foto: IPA Agency<\/p>\n<p>(ITALPRESS).<\/p><\/div>\n","protected":false},"excerpt":{"rendered":"<p>ROMA (ITALPRESS) &#8211; &#8220;Con il divieto dell&#8217;uso del cellulare in classe tuteliamo la salute dei giovani, tutti gli studi dimostrano che l&#8217;uso frequente del cellulare crea dipendenza e incide sulla capacit\u00e0 di concertazione, di memorizzare, e sull&#8217;apprendimento, l&#8217;uso del cellulare porta a degli esiti peggiori rispetto all&#8217;apprendimento con altri strumenti&#8221;. Lo ha detto il ministro [&hellip;]<\/p>\n","protected":false},"author":18,"featured_media":249696,"comment_status":"closed","ping_status":"closed","sticky":false,"template":"","format":"standard","meta":{"ub_ctt_via":"","_mi_skip_tracking":false},"categories":[446],"tags":[783],"featured_image_src":"https:\/\/www.messinaoggi.it\/website\/wp-content\/uploads\/2025\/09\/20250910_0189.jpg","author_info":{"display_name":"Admin","author_link":"https:\/\/www.messinaoggi.it\/website\/author\/admin\/"},"digistream_id":0,"digistream":false,"_links":{"self":[{"href":"https:\/\/www.messinaoggi.it\/website\/wp-json\/wp\/v2\/posts\/249695"}],"collection":[{"href":"https:\/\/www.messinaoggi.it\/website\/wp-json\/wp\/v2\/posts"}],"about":[{"href":"https:\/\/www.messinaoggi.it\/website\/wp-json\/wp\/v2\/types\/post"}],"author":[{"embeddable":true,"href":"https:\/\/www.messinaoggi.it\/website\/wp-json\/wp\/v2\/users\/18"}],"replies":[{"embeddable":true,"href":"https:\/\/www.messinaoggi.it\/website\/wp-json\/wp\/v2\/comments?post=249695"}],"version-history":[{"count":0,"href":"https:\/\/www.messinaoggi.it\/website\/wp-json\/wp\/v2\/posts\/249695\/revisions"}],"wp:featuredmedia":[{"embeddable":true,"href":"https:\/\/www.messinaoggi.it\/website\/wp-json\/wp\/v2\/media\/249696"}],"wp:attachment":[{"href":"https:\/\/www.messinaoggi.it\/website\/wp-json\/wp\/v2\/media?parent=249695"}],"wp:term":[{"taxonomy":"category","embeddable":true,"href":"https:\/\/www.messinaoggi.it\/website\/wp-json\/wp\/v2\/categories?post=249695"},{"taxonomy":"post_tag","embeddable":true,"href":"https:\/\/www.messinaoggi.it\/website\/wp-json\/wp\/v2\/tags?post=249695"}],"curies":[{"name":"wp","href":"https:\/\/api.w.org\/{rel}","templated":true}]}}