{"id":249684,"date":"2025-09-10T11:07:13","date_gmt":"2025-09-10T09:07:13","guid":{"rendered":"http:\/\/www.messinaoggi.it\/website\/?p=249684"},"modified":"2025-09-10T11:07:26","modified_gmt":"2025-09-10T09:07:26","slug":"piscina-cappuccini-carbone-doveva-essere-riaperta-un-anno-fa","status":"publish","type":"post","link":"https:\/\/www.messinaoggi.it\/website\/2025\/09\/10\/piscina-cappuccini-carbone-doveva-essere-riaperta-un-anno-fa\/","title":{"rendered":"Piscina Cappuccini, Carbone: &#8220;Doveva essere riaperta un anno fa&#8221;"},"content":{"rendered":"\n<p>Il Consigliere di Fratelli d\u2019Italia <strong>Dario Carbone<\/strong> ha richiesto nuovamente aggiornamenti sulla riapertura della <strong>Piscina \u201cCappuccini\u201d <\/strong>chiedendo che venga svolto dalla V Commissione Consiliare ed alla presenza dell\u2019Assessore e della Messina Social City un sopralluogo per verificare lo stato della struttura.<div id=\"div-gpt-ad-Messinaoggi.it-DSK-300x250-corpoart\" style=\"text-align:center;margin:0 auto;\"><\/div><\/p>\n\n\n\n<p>\u201cLa piscina doveva essere riaperta oltre un anno fa ed invece ad oggi permane il silenzio sulla data in cui si potr\u00e0 ricominciare a fruire di un impianto cos\u00ec importante\u201d denuncia Carbone.<div id=\"videoincontent\" style=\"clear:both\";><\/div><\/p>\n\n\n\n<p>\u201cAddirittura con una delibera di giunta di inizio giugno il Comune di Messina ha affidato alla Messina Social City la struttura ma trascorsi tre mesi da tale provvedimento non si ha nessuna notizia in merito.<br>I cittadini messinesi hanno ormai perso le speranze e si sono abituati ad una carenza cronica di impianti natatori in citt\u00e0 e tale sentimento di rassegnazione non pu\u00f2 che farci riflettere sulla gestione complessiva degli impianti sportivi in citt\u00e0\u201d dichiara Carbone.<\/p>\n\n\n\n<p>\u201cGiornalmente ricevo richieste di informazione da numerosi cittadini che vorrebbero usufruire ed allenarsi in una struttura che &#8211; soltanto qualche anno fa &#8211; era il fiore all\u2019occhiello dell\u2019impiantistica natatoria mediterranea: si tratta non soltanto di sportivi che praticano lo sport a livello agonistico ma anche e soprattutto di appassionati di nuoto e di parenti di soggetti disabili gravi per i quali \u00e8 fondamentale poter utilizzare una piscina\u201d conclude Carbone.<\/p>\n","protected":false},"excerpt":{"rendered":"<p>Il Consigliere di Fratelli d\u2019Italia Dario Carbone ha richiesto nuovamente aggiornamenti sulla riapertura della Piscina \u201cCappuccini\u201d chiedendo che venga svolto dalla V Commissione Consiliare ed alla presenza dell\u2019Assessore e della Messina Social City un sopralluogo per verificare lo stato della struttura. \u201cLa piscina doveva essere riaperta oltre un anno fa ed invece ad oggi permane [&hellip;]<\/p>\n","protected":false},"author":15,"featured_media":127609,"comment_status":"open","ping_status":"open","sticky":false,"template":"","format":"standard","meta":{"ub_ctt_via":"","_mi_skip_tracking":false},"categories":[4,6],"tags":[3756,1185,9572,2990],"featured_image_src":"https:\/\/www.messinaoggi.it\/website\/wp-content\/uploads\/2022\/10\/image3.jpeg","author_info":{"display_name":"red.me","author_link":"https:\/\/www.messinaoggi.it\/website\/author\/red-me\/"},"digistream_id":0,"digistream":false,"_links":{"self":[{"href":"https:\/\/www.messinaoggi.it\/website\/wp-json\/wp\/v2\/posts\/249684"}],"collection":[{"href":"https:\/\/www.messinaoggi.it\/website\/wp-json\/wp\/v2\/posts"}],"about":[{"href":"https:\/\/www.messinaoggi.it\/website\/wp-json\/wp\/v2\/types\/post"}],"author":[{"embeddable":true,"href":"https:\/\/www.messinaoggi.it\/website\/wp-json\/wp\/v2\/users\/15"}],"replies":[{"embeddable":true,"href":"https:\/\/www.messinaoggi.it\/website\/wp-json\/wp\/v2\/comments?post=249684"}],"version-history":[{"count":1,"href":"https:\/\/www.messinaoggi.it\/website\/wp-json\/wp\/v2\/posts\/249684\/revisions"}],"predecessor-version":[{"id":249685,"href":"https:\/\/www.messinaoggi.it\/website\/wp-json\/wp\/v2\/posts\/249684\/revisions\/249685"}],"wp:featuredmedia":[{"embeddable":true,"href":"https:\/\/www.messinaoggi.it\/website\/wp-json\/wp\/v2\/media\/127609"}],"wp:attachment":[{"href":"https:\/\/www.messinaoggi.it\/website\/wp-json\/wp\/v2\/media?parent=249684"}],"wp:term":[{"taxonomy":"category","embeddable":true,"href":"https:\/\/www.messinaoggi.it\/website\/wp-json\/wp\/v2\/categories?post=249684"},{"taxonomy":"post_tag","embeddable":true,"href":"https:\/\/www.messinaoggi.it\/website\/wp-json\/wp\/v2\/tags?post=249684"}],"curies":[{"name":"wp","href":"https:\/\/api.w.org\/{rel}","templated":true}]}}