{"id":249676,"date":"2025-09-10T10:06:01","date_gmt":"2025-09-10T08:06:01","guid":{"rendered":"https:\/\/www.messinaoggi.it\/website\/2025\/09\/10\/zelensky-droni-russi-su-polonia-precedente-pericoloso-per-leuropa\/"},"modified":"2025-09-10T10:06:01","modified_gmt":"2025-09-10T08:06:01","slug":"zelensky-droni-russi-su-polonia-precedente-pericoloso-per-leuropa","status":"publish","type":"post","link":"https:\/\/www.messinaoggi.it\/website\/2025\/09\/10\/zelensky-droni-russi-su-polonia-precedente-pericoloso-per-leuropa\/","title":{"rendered":"Zelensky \u201cDroni russi su Polonia precedente pericoloso per l\u2019Europa\u201d"},"content":{"rendered":"<div>ROMA (ITALPRESS) <em>&#8211; &#8220;Oggi c&#8217;\u00e8 stato un ulteriore passo avanti nell&#8217;escalation:<strong> i droni russo-iraniani hanno operato nello spazio aereo della Polonia,<\/strong> nello spazio aereo della NATO. Non si \u00e8 trattato di un singolo drone che si pu\u00f2 definire un incidente, ma di almeno<strong> otto droni d&#8217;attacco puntati verso la Polonia<\/strong>. Un precedente estremamente pericoloso per l&#8217;Europa&#8221;.<\/em> Lo ha scritto su X il <strong>presidente ucraino<\/strong> Volodymyr <strong>Zelensky<\/strong> che aggiunge: <em>&#8220;Se ci saranno ulteriori misure dipender\u00e0 interamente dal coordinamento e dalla forza della risposta. I russi devono subirne le conseguenze. La Russia deve sentire che la guerra non pu\u00f2 essere estesa e che dovr\u00e0 essere interrotta. La pausa nelle sanzioni \u00e8 durata troppo a lungo. Ritardare le restrizioni alla Russia e ai suoi complici significa solo aumentare la brutalit\u00e0 degli attacchi. Sono necessarie armi sufficienti per scoraggiare la Russia. E&#8217; necessaria una risposta forte, e non pu\u00f2 che essere una risposta congiunta di tutti i partner: Ucraina, Polonia, tutti gli europei, gli Stati Uniti&#8221;.<\/em><div id=\"div-gpt-ad-Messinaoggi.it-DSK-300x250-corpoart\" style=\"text-align:center;margin:0 auto;\"><\/div><\/p>\n<p>-foto Ipa Agency-<div id=\"videoincontent\" style=\"clear:both\";><\/div><\/p>\n<p>(ITALPRESS).<\/p><\/div>\n","protected":false},"excerpt":{"rendered":"<p>ROMA (ITALPRESS) &#8211; &#8220;Oggi c&#8217;\u00e8 stato un ulteriore passo avanti nell&#8217;escalation: i droni russo-iraniani hanno operato nello spazio aereo della Polonia, nello spazio aereo della NATO. Non si \u00e8 trattato di un singolo drone che si pu\u00f2 definire un incidente, ma di almeno otto droni d&#8217;attacco puntati verso la Polonia. Un precedente estremamente pericoloso per [&hellip;]<\/p>\n","protected":false},"author":18,"featured_media":249677,"comment_status":"closed","ping_status":"closed","sticky":false,"template":"","format":"standard","meta":{"ub_ctt_via":"","_mi_skip_tracking":false},"categories":[446],"tags":[783],"featured_image_src":"https:\/\/www.messinaoggi.it\/website\/wp-content\/uploads\/2025\/09\/20250910_0087.jpg","author_info":{"display_name":"Admin","author_link":"https:\/\/www.messinaoggi.it\/website\/author\/admin\/"},"digistream_id":0,"digistream":false,"_links":{"self":[{"href":"https:\/\/www.messinaoggi.it\/website\/wp-json\/wp\/v2\/posts\/249676"}],"collection":[{"href":"https:\/\/www.messinaoggi.it\/website\/wp-json\/wp\/v2\/posts"}],"about":[{"href":"https:\/\/www.messinaoggi.it\/website\/wp-json\/wp\/v2\/types\/post"}],"author":[{"embeddable":true,"href":"https:\/\/www.messinaoggi.it\/website\/wp-json\/wp\/v2\/users\/18"}],"replies":[{"embeddable":true,"href":"https:\/\/www.messinaoggi.it\/website\/wp-json\/wp\/v2\/comments?post=249676"}],"version-history":[{"count":0,"href":"https:\/\/www.messinaoggi.it\/website\/wp-json\/wp\/v2\/posts\/249676\/revisions"}],"wp:featuredmedia":[{"embeddable":true,"href":"https:\/\/www.messinaoggi.it\/website\/wp-json\/wp\/v2\/media\/249677"}],"wp:attachment":[{"href":"https:\/\/www.messinaoggi.it\/website\/wp-json\/wp\/v2\/media?parent=249676"}],"wp:term":[{"taxonomy":"category","embeddable":true,"href":"https:\/\/www.messinaoggi.it\/website\/wp-json\/wp\/v2\/categories?post=249676"},{"taxonomy":"post_tag","embeddable":true,"href":"https:\/\/www.messinaoggi.it\/website\/wp-json\/wp\/v2\/tags?post=249676"}],"curies":[{"name":"wp","href":"https:\/\/api.w.org\/{rel}","templated":true}]}}