{"id":249672,"date":"2025-09-10T00:05:59","date_gmt":"2025-09-09T22:05:59","guid":{"rendered":"https:\/\/www.messinaoggi.it\/website\/2025\/09\/10\/francia-macron-nomina-lecornu-primo-ministro\/"},"modified":"2025-09-10T00:05:59","modified_gmt":"2025-09-09T22:05:59","slug":"francia-macron-nomina-lecornu-primo-ministro","status":"publish","type":"post","link":"https:\/\/www.messinaoggi.it\/website\/2025\/09\/10\/francia-macron-nomina-lecornu-primo-ministro\/","title":{"rendered":"Francia, Macron nomina Lecornu primo ministro"},"content":{"rendered":"<div>PARIGI (FRANCIA) (ITALPRESS) &#8211; Il presidente della Repubblica Emanule Macron, ha nominato primo ministro S\u00e8bastien Lecornu, gi\u00e0 ministro delle Forze armate. Gli ha dato mandato di consultare le forze politiche rappresentate in Parlamento al fine di adottare un bilancio per la Nazione e costruire gli accordi essenziali per le decisioni dei prossimi mesi. Dopo queste discussioni, spetter\u00e0 al nuovo primo ministro proporre un Governo al presidente della Repubblica. L&#8217;azione del primo ministro &#8211; si legge in una nota dell&#8217;Eliseo, &#8220;sar\u00e0 guidata dalla difesa della nostra indipendenza e del nostro potere, dal servizio al popolo francese e dalla stabilit\u00e0 politica e istituzionale per l&#8217;unit\u00e0 del Paese. Il presidente della Repubblica \u00e8 convinto che su queste basi sia possibile un accordo tra le forze politiche, nel rispetto delle convinzioni di ciascuna&#8221;.<br \/>(ITALPRESS).<br \/>-Foto: Ipa Agency-<\/div>\n<div id=\"div-gpt-ad-Messinaoggi.it-DSK-300x250-corpoart\" style=\"text-align:center;margin:0 auto;\"><\/div><\/p><div id=\"videoincontent\" style=\"clear:both\";><\/div>","protected":false},"excerpt":{"rendered":"<p>PARIGI (FRANCIA) (ITALPRESS) &#8211; Il presidente della Repubblica Emanule Macron, ha nominato primo ministro S\u00e8bastien Lecornu, gi\u00e0 ministro delle Forze armate. Gli ha dato mandato di consultare le forze politiche rappresentate in Parlamento al fine di adottare un bilancio per la Nazione e costruire gli accordi essenziali per le decisioni dei prossimi mesi. Dopo queste [&hellip;]<\/p>\n","protected":false},"author":18,"featured_media":249673,"comment_status":"closed","ping_status":"closed","sticky":false,"template":"","format":"standard","meta":{"ub_ctt_via":"","_mi_skip_tracking":false},"categories":[446],"tags":[783],"featured_image_src":"https:\/\/www.messinaoggi.it\/website\/wp-content\/uploads\/2025\/09\/20250909_2498.jpg","author_info":{"display_name":"Admin","author_link":"https:\/\/www.messinaoggi.it\/website\/author\/admin\/"},"digistream_id":0,"digistream":false,"_links":{"self":[{"href":"https:\/\/www.messinaoggi.it\/website\/wp-json\/wp\/v2\/posts\/249672"}],"collection":[{"href":"https:\/\/www.messinaoggi.it\/website\/wp-json\/wp\/v2\/posts"}],"about":[{"href":"https:\/\/www.messinaoggi.it\/website\/wp-json\/wp\/v2\/types\/post"}],"author":[{"embeddable":true,"href":"https:\/\/www.messinaoggi.it\/website\/wp-json\/wp\/v2\/users\/18"}],"replies":[{"embeddable":true,"href":"https:\/\/www.messinaoggi.it\/website\/wp-json\/wp\/v2\/comments?post=249672"}],"version-history":[{"count":0,"href":"https:\/\/www.messinaoggi.it\/website\/wp-json\/wp\/v2\/posts\/249672\/revisions"}],"wp:featuredmedia":[{"embeddable":true,"href":"https:\/\/www.messinaoggi.it\/website\/wp-json\/wp\/v2\/media\/249673"}],"wp:attachment":[{"href":"https:\/\/www.messinaoggi.it\/website\/wp-json\/wp\/v2\/media?parent=249672"}],"wp:term":[{"taxonomy":"category","embeddable":true,"href":"https:\/\/www.messinaoggi.it\/website\/wp-json\/wp\/v2\/categories?post=249672"},{"taxonomy":"post_tag","embeddable":true,"href":"https:\/\/www.messinaoggi.it\/website\/wp-json\/wp\/v2\/tags?post=249672"}],"curies":[{"name":"wp","href":"https:\/\/api.w.org\/{rel}","templated":true}]}}