{"id":249670,"date":"2025-09-10T00:05:56","date_gmt":"2025-09-09T22:05:56","guid":{"rendered":"https:\/\/www.messinaoggi.it\/website\/2025\/09\/10\/lunder-21-non-sbaglia-macedonia-del-nord-piegata-1-0\/"},"modified":"2025-09-10T00:05:56","modified_gmt":"2025-09-09T22:05:56","slug":"lunder-21-non-sbaglia-macedonia-del-nord-piegata-1-0","status":"publish","type":"post","link":"https:\/\/www.messinaoggi.it\/website\/2025\/09\/10\/lunder-21-non-sbaglia-macedonia-del-nord-piegata-1-0\/","title":{"rendered":"L\u2019Under 21 non sbaglia, Macedonia del Nord piegata 1-0"},"content":{"rendered":"<div>BITOLA (MACEDONIA DEL NORD) (ITALPRESS) &#8211; L&#8217;Italia Under 21 non sbaglia contro la Macedonia del Nord nella seconda giornata delle qualificazioni agli Europei 2027. Dopo la vittoria all&#8217;esordio con il Montenegro, i ragazzi di Silvio Baldini chiudono a punteggio pieno gli impegni di settembre. La decide il difensore del Napoli Marianucci (35&#8242;) per l&#8217;1-0 degli azzurrini, bravi a portare i tre punti a casa nonostante l&#8217;inferiorit\u00e0 numerica provocata dall&#8217;espulsione di Moruzzi al 25&#8242;. Riesce l&#8217;aggancio alla Polonia al primo posto nel Girone E per l&#8217;Under 21, che torner\u00e0 in campo nel mese di ottobre con le sfide casalinghe con Svezia (10 ottobre) e Armenia (14). Avvio equilibrato con l&#8217;Italia che si aggrappa alle sgroppate di Palestra sull&#8217;out di destra. Diverse le discese del terzino del Cagliari, abile nel mettere in apprensione la difesa avversaria. Al 17&#8242; una bella iniziativa di Danev costringe all&#8217;ammonizione Moruzzi, che otto minuti pi\u00f9 tardi (25&#8242;) rimedia un ingenuo secondo giallo lasciando gli azzurrini in inferiorit\u00e0 numerica: il terzino dell&#8217;Empoli fa sfilare un rinvio dal fondo di Vasilev, si fa scippare da Gashtarov, che \u00e8 astuto nel farsi tamponare e a ottenere espulsione e calcio di punizione dal limite, poi rimpallato dalla barriera. Per rimpiazzare Moruzzi, Baldini manda in campo Idrissi al posto di un fumoso Pafundi. Nonostante l&#8217;uomo in meno, gli ospiti continuano ad attaccare e trovano il vantaggio al 35&#8242;: calcio di punizione di Pisilli, bella sponda di Ndour che serve Marianucci che in piena area di rigore batte Vasilev con un bel destro all&#8217;angolino basso. Avvio di secondo tempo vivace della Macedonia, che impegna Motta con le conclusioni di Danev e Hamza. Italia in affanno dopo un primo tempo molto dispendioso e incapace di tenere in mano il pallino del gioco, come fatto in modo eccellente nella frazione di apertura. Aumentano le palle perse per gli azzurrini, che riescono per\u00f2 ad abbassare i ritmi e a sporcare discretamente il fraseggio macedone. Nell&#8217;assalto finale i padroni di casa non riescono a trovare la zampata decisiva.<br \/>&#8211; Foto Ipa Agency &#8211;<br \/>(ITALPRESS).<\/div>\n<div id=\"div-gpt-ad-Messinaoggi.it-DSK-300x250-corpoart\" style=\"text-align:center;margin:0 auto;\"><\/div><\/p><div id=\"videoincontent\" style=\"clear:both\";><\/div>","protected":false},"excerpt":{"rendered":"<p>BITOLA (MACEDONIA DEL NORD) (ITALPRESS) &#8211; L&#8217;Italia Under 21 non sbaglia contro la Macedonia del Nord nella seconda giornata delle qualificazioni agli Europei 2027. Dopo la vittoria all&#8217;esordio con il Montenegro, i ragazzi di Silvio Baldini chiudono a punteggio pieno gli impegni di settembre. La decide il difensore del Napoli Marianucci (35&#8242;) per l&#8217;1-0 degli [&hellip;]<\/p>\n","protected":false},"author":18,"featured_media":249671,"comment_status":"closed","ping_status":"closed","sticky":false,"template":"","format":"standard","meta":{"ub_ctt_via":"","_mi_skip_tracking":false},"categories":[446],"tags":[783],"featured_image_src":"https:\/\/www.messinaoggi.it\/website\/wp-content\/uploads\/2025\/09\/20250909_2497.jpg","author_info":{"display_name":"Admin","author_link":"https:\/\/www.messinaoggi.it\/website\/author\/admin\/"},"digistream_id":0,"digistream":false,"_links":{"self":[{"href":"https:\/\/www.messinaoggi.it\/website\/wp-json\/wp\/v2\/posts\/249670"}],"collection":[{"href":"https:\/\/www.messinaoggi.it\/website\/wp-json\/wp\/v2\/posts"}],"about":[{"href":"https:\/\/www.messinaoggi.it\/website\/wp-json\/wp\/v2\/types\/post"}],"author":[{"embeddable":true,"href":"https:\/\/www.messinaoggi.it\/website\/wp-json\/wp\/v2\/users\/18"}],"replies":[{"embeddable":true,"href":"https:\/\/www.messinaoggi.it\/website\/wp-json\/wp\/v2\/comments?post=249670"}],"version-history":[{"count":0,"href":"https:\/\/www.messinaoggi.it\/website\/wp-json\/wp\/v2\/posts\/249670\/revisions"}],"wp:featuredmedia":[{"embeddable":true,"href":"https:\/\/www.messinaoggi.it\/website\/wp-json\/wp\/v2\/media\/249671"}],"wp:attachment":[{"href":"https:\/\/www.messinaoggi.it\/website\/wp-json\/wp\/v2\/media?parent=249670"}],"wp:term":[{"taxonomy":"category","embeddable":true,"href":"https:\/\/www.messinaoggi.it\/website\/wp-json\/wp\/v2\/categories?post=249670"},{"taxonomy":"post_tag","embeddable":true,"href":"https:\/\/www.messinaoggi.it\/website\/wp-json\/wp\/v2\/tags?post=249670"}],"curies":[{"name":"wp","href":"https:\/\/api.w.org\/{rel}","templated":true}]}}