{"id":249668,"date":"2025-09-10T00:16:01","date_gmt":"2025-09-09T22:16:01","guid":{"rendered":"https:\/\/www.messinaoggi.it\/website\/2025\/09\/09\/ponte-sullo-stretto-salvini-incontra-il-sindaco-di-messina\/"},"modified":"2025-09-10T17:52:34","modified_gmt":"2025-09-10T15:52:34","slug":"ponte-sullo-stretto-salvini-incontra-il-sindaco-di-messina","status":"publish","type":"post","link":"https:\/\/www.messinaoggi.it\/website\/2025\/09\/10\/ponte-sullo-stretto-salvini-incontra-il-sindaco-di-messina\/","title":{"rendered":"Ponte sullo stretto, Salvini incontra il sindaco di Messina"},"content":{"rendered":"<div>\n<p>ROMA (ITALPRESS) \u2013 <em><strong>\u201cIncontro al MIT tra il Vicepremier e Ministro Matteo Salvini e il sindaco di Messina Federico Basile<\/strong>, dedicato al progetto del Ponte sullo Stretto. Presenti anche Pietro Ciucci, Amministratore Delegato della societ\u00e0 Stretto di Messina, e Aldo Isi, Amministratore Delegato di RFI\u201d.<\/em> E\u2019 quanto si legge in una nota.<div id=\"div-gpt-ad-Messinaoggi.it-DSK-300x250-corpoart\" style=\"text-align:center;margin:0 auto;\"><\/div><\/p>\n<p><strong><em>\u201cL\u2019incontro, propedeutico all\u2019avvio dei lavori<\/em> <\/strong>\u2013 sottolinea la nota del MIT -,<em>\u00e8 servito a verificare il rispetto delle tempistiche previste e ad approfondire alcuni temi cruciali: le questioni legate alle risorse idriche del territorio, la viabilit\u00e0, gli aspetti abitativi nonch\u00e8 la formazione dei lavoratori locali per creare nuove opportunit\u00e0 e posti di lavoro per i giovani del territorio. In particolare nell\u2019ambito delle opere anticipate presentate dal Comune e approvate dalla delibera CIPESS del 6 agosto \u2013 che sar\u00e0 efficace con la registrazione della Corte dei conti e la pubblicazione in Gazzetta Ufficiale \u2013 si \u00e8 convenuto sull\u2019opportunit\u00e0 di dare priorit\u00e0 ai progetti riguardanti la riqualificazione della rete idrica e stradale nonch\u00e8 lo sviluppo di unit\u00e0 residenziali\u201d.<\/em><div id=\"videoincontent\" style=\"clear:both\";><\/div><\/p>\n<p><em>\u201cPer il progetto di collegamento dei raccordi ferroviari del ponte alla linea esistente<\/em> \u2013 prosegue la nota -, <em>sono state illustrate le opzioni tecniche che hanno portato all\u2019individuazione dell\u2019attuale soluzione \u2018Contess\u00e8 rispetto alle soluzioni precedenti. RFI si \u00e8 impegnata a sviluppare uno studio di ottimizzazione progettuale per ridurre gli impatti sul quartiere di Contesse, che sar\u00e0 presentato a breve\u201d.<\/em><\/p>\n<p><em>\u201cL\u2019obiettivo condiviso \u00e8 l\u2019istituzione di un \u2018tavolo permanent\u00e8 sul Ponte, per affrontare in maniera costante tutte le questioni legate all\u2019opera, nell\u2019interesse delle comunit\u00e0 coinvolte. <strong>Dopo l\u2019incontro odierno sul versante siciliano, seguir\u00e0 a breve un analogo appuntamento sul lato calabrese\u201d<\/strong><\/em>, <strong>conclude la nota del MIT.<\/strong><\/p>\n<p>\u2013 foto ufficio stampa Mit \u2013<br \/>\n(ITALPRESS).<\/p>\n<\/div>\n","protected":false},"excerpt":{"rendered":"<p>ROMA (ITALPRESS) \u2013 \u201cIncontro al MIT tra il Vicepremier e Ministro Matteo Salvini e il sindaco di Messina Federico Basile, dedicato al progetto del Ponte sullo Stretto. Presenti anche Pietro Ciucci, Amministratore Delegato della societ\u00e0 Stretto di Messina, e Aldo Isi, Amministratore Delegato di RFI\u201d. E\u2019 quanto si legge in una nota. \u201cL\u2019incontro, propedeutico all\u2019avvio [&hellip;]<\/p>\n","protected":false},"author":18,"featured_media":249669,"comment_status":"closed","ping_status":"closed","sticky":false,"template":"","format":"standard","meta":{"ub_ctt_via":"","_mi_skip_tracking":false},"categories":[19,4,7567,2449],"tags":[783],"featured_image_src":"https:\/\/www.messinaoggi.it\/website\/wp-content\/uploads\/2025\/09\/20250909_2452.jpg","author_info":{"display_name":"Admin","author_link":"https:\/\/www.messinaoggi.it\/website\/author\/admin\/"},"digistream_id":0,"digistream":false,"_links":{"self":[{"href":"https:\/\/www.messinaoggi.it\/website\/wp-json\/wp\/v2\/posts\/249668"}],"collection":[{"href":"https:\/\/www.messinaoggi.it\/website\/wp-json\/wp\/v2\/posts"}],"about":[{"href":"https:\/\/www.messinaoggi.it\/website\/wp-json\/wp\/v2\/types\/post"}],"author":[{"embeddable":true,"href":"https:\/\/www.messinaoggi.it\/website\/wp-json\/wp\/v2\/users\/18"}],"replies":[{"embeddable":true,"href":"https:\/\/www.messinaoggi.it\/website\/wp-json\/wp\/v2\/comments?post=249668"}],"version-history":[{"count":1,"href":"https:\/\/www.messinaoggi.it\/website\/wp-json\/wp\/v2\/posts\/249668\/revisions"}],"predecessor-version":[{"id":249694,"href":"https:\/\/www.messinaoggi.it\/website\/wp-json\/wp\/v2\/posts\/249668\/revisions\/249694"}],"wp:featuredmedia":[{"embeddable":true,"href":"https:\/\/www.messinaoggi.it\/website\/wp-json\/wp\/v2\/media\/249669"}],"wp:attachment":[{"href":"https:\/\/www.messinaoggi.it\/website\/wp-json\/wp\/v2\/media?parent=249668"}],"wp:term":[{"taxonomy":"category","embeddable":true,"href":"https:\/\/www.messinaoggi.it\/website\/wp-json\/wp\/v2\/categories?post=249668"},{"taxonomy":"post_tag","embeddable":true,"href":"https:\/\/www.messinaoggi.it\/website\/wp-json\/wp\/v2\/tags?post=249668"}],"curies":[{"name":"wp","href":"https:\/\/api.w.org\/{rel}","templated":true}]}}