{"id":249604,"date":"2025-09-08T23:05:56","date_gmt":"2025-09-08T21:05:56","guid":{"rendered":"https:\/\/www.messinaoggi.it\/website\/2025\/09\/08\/regionali-schlein-noi-uniti-mentre-destra-litiga\/"},"modified":"2025-09-08T23:05:56","modified_gmt":"2025-09-08T21:05:56","slug":"regionali-schlein-noi-uniti-mentre-destra-litiga","status":"publish","type":"post","link":"https:\/\/www.messinaoggi.it\/website\/2025\/09\/08\/regionali-schlein-noi-uniti-mentre-destra-litiga\/","title":{"rendered":"Regionali, Schlein \u201cNoi uniti mentre destra litiga\u201d"},"content":{"rendered":"<div>ROMA (ITALPRESS) &#8211; <em>&#8220;La destra si abitui perch\u00e8 non faremo pi\u00f9 il favore di dividerci: siamo uniti, con i candidati pi\u00f9 forti che potessimo mettere a disposizione e con programmi condivisi&#8221;.<\/em> Lo ha detto la<strong> segretaria del Pd Elly Schlein al Tg3, parlando delle prossime regionali.<\/strong><em> &#8220;Intanto la destra continua a litigare con i candidati e si dimentica di governare&#8221;,<\/em> aggiunge.<div id=\"div-gpt-ad-Messinaoggi.it-DSK-300x250-corpoart\" style=\"text-align:center;margin:0 auto;\"><\/div><\/p>\n<p>-foto Ipa Agency &#8211;<br \/>\n(ITALPRESS).<div id=\"videoincontent\" style=\"clear:both\";><\/div><\/p><\/div>\n","protected":false},"excerpt":{"rendered":"<p>ROMA (ITALPRESS) &#8211; &#8220;La destra si abitui perch\u00e8 non faremo pi\u00f9 il favore di dividerci: siamo uniti, con i candidati pi\u00f9 forti che potessimo mettere a disposizione e con programmi condivisi&#8221;. Lo ha detto la segretaria del Pd Elly Schlein al Tg3, parlando delle prossime regionali. &#8220;Intanto la destra continua a litigare con i candidati [&hellip;]<\/p>\n","protected":false},"author":18,"featured_media":249605,"comment_status":"closed","ping_status":"closed","sticky":false,"template":"","format":"standard","meta":{"ub_ctt_via":"","_mi_skip_tracking":false},"categories":[446],"tags":[783],"featured_image_src":"https:\/\/www.messinaoggi.it\/website\/wp-content\/uploads\/2025\/09\/20250908_2211.jpg","author_info":{"display_name":"Admin","author_link":"https:\/\/www.messinaoggi.it\/website\/author\/admin\/"},"digistream_id":0,"digistream":false,"_links":{"self":[{"href":"https:\/\/www.messinaoggi.it\/website\/wp-json\/wp\/v2\/posts\/249604"}],"collection":[{"href":"https:\/\/www.messinaoggi.it\/website\/wp-json\/wp\/v2\/posts"}],"about":[{"href":"https:\/\/www.messinaoggi.it\/website\/wp-json\/wp\/v2\/types\/post"}],"author":[{"embeddable":true,"href":"https:\/\/www.messinaoggi.it\/website\/wp-json\/wp\/v2\/users\/18"}],"replies":[{"embeddable":true,"href":"https:\/\/www.messinaoggi.it\/website\/wp-json\/wp\/v2\/comments?post=249604"}],"version-history":[{"count":0,"href":"https:\/\/www.messinaoggi.it\/website\/wp-json\/wp\/v2\/posts\/249604\/revisions"}],"wp:featuredmedia":[{"embeddable":true,"href":"https:\/\/www.messinaoggi.it\/website\/wp-json\/wp\/v2\/media\/249605"}],"wp:attachment":[{"href":"https:\/\/www.messinaoggi.it\/website\/wp-json\/wp\/v2\/media?parent=249604"}],"wp:term":[{"taxonomy":"category","embeddable":true,"href":"https:\/\/www.messinaoggi.it\/website\/wp-json\/wp\/v2\/categories?post=249604"},{"taxonomy":"post_tag","embeddable":true,"href":"https:\/\/www.messinaoggi.it\/website\/wp-json\/wp\/v2\/tags?post=249604"}],"curies":[{"name":"wp","href":"https:\/\/api.w.org\/{rel}","templated":true}]}}