{"id":249584,"date":"2025-09-08T15:16:01","date_gmt":"2025-09-08T13:16:01","guid":{"rendered":"https:\/\/www.messinaoggi.it\/website\/2025\/09\/08\/a-palermo-nasce-la-fondazione-antonio-montinaro\/"},"modified":"2025-09-08T15:16:01","modified_gmt":"2025-09-08T13:16:01","slug":"a-palermo-nasce-la-fondazione-antonio-montinaro","status":"publish","type":"post","link":"https:\/\/www.messinaoggi.it\/website\/2025\/09\/08\/a-palermo-nasce-la-fondazione-antonio-montinaro\/","title":{"rendered":"A Palermo nasce la Fondazione \u201cAntonio Montinaro\u201d"},"content":{"rendered":"<div>\n<p>PALERMO (ITALPRESS) \u2013 Una data simbolica per rendere omaggio a una figura simbolica della lotta alla mafia:<strong> nel giorno del compleanno di Antonio Montinaro<\/strong>, caposcorta di Giovanni Falcone morto con lui nella strage di Capaci, <strong>nasce una Fondazione a lui intitolata con l\u2019obiettivo di venire incontro alle esigenze di bambini con gravi patologie e studenti con difficolt\u00e0 economiche.<\/strong> Alla presentazione dell\u2019iniziativa, tenutasi al Teatro Politeama Garibaldi a Palermo, hanno partecipato tra gli altri Tina Montinaro, moglie dell\u2019agente, il ministro dell\u2019Interno Matteo Piantedosi e la presidente della commissione parlamentare Antimafia Chiara Colosimo: presenti in platea anche il sindaco di Palermo Roberto Lagalla, il prefetto di Palermo Massimo Mariani, il vicepresidente della Camera Giorgio Mul\u00e8, il sottosegretario alla Giustizia Andrea Delmastro, il capo della Polizia Vittorio Pisani e i rappresentanti delle Forze dell\u2019Ordine. L\u2019incontro \u00e8 stato un\u2019occasione per tenere il punto sul contrasto a ogni forma di criminalit\u00e0 seguendo proprio l\u2019impegno di Antonio Montinaro, che in tante occasioni si \u00e8 speso in favore di ragazzi in difficolt\u00e0: la Fondazione si ripropone l\u2019obiettivo di seguire il suo insegnamento e di trasmetterne l\u2019esempio, per rinnovarne non solo la memoria ma anche la volont\u00e0 di tenere alta la guardia contro la mafia.<div id=\"div-gpt-ad-Messinaoggi.it-DSK-300x250-corpoart\" style=\"text-align:center;margin:0 auto;\"><\/div><\/p>\n<p><em>\u201cAbbiamo voluto proprio che la Fondazione nascesse in questo giorno, in occasione del compleanno di Antonio<\/em> \u2013 sottolinea Tina <strong>Montinaro<\/strong> -. <em>Destinatari dell\u2019iniziativa sono tanti bambini che hanno serie difficolt\u00e0 economiche e altri che nascono con gravi patologie: vogliamo metterci a disposizione della gente che soffre<\/em>\u201c. La moglie del caposcorta di Falcone si sofferma poi sulla volont\u00e0 di portare per un giorno la teca della Quarto Savona Quindici davanti al Teatro Politeama, anche qui in omaggio al ruolo che ha svolto: <em>\u201cIl nostro \u00e8 un impegno che portiamo avanti da 33 anni: ci faceva piacere portare qui la teca, perch\u00e9 l\u00ec dentro ci sono tre poliziotti e vanno ricordati, quindi la Quarto Savona Quindici camminer\u00e0 sempre con noi\u201d. <\/em><div id=\"videoincontent\" style=\"clear:both\";><\/div><\/p>\n<p><strong>Piantedosi<\/strong> si sofferma sulla <em>\u201ccrescita di senso civico dei palermitani. Mi rendo conto che \u00e8 una citt\u00e0 molto preoccupata per motivi di sicurezza urbana legata a episodi di bande giovanili che si confrontano, spaccate sui negozi e in generale un modo disordinato di vivere la citt\u00e0: il fatto che ci sia una sensibilit\u00e0 accresciuta su questi temi e che le autorit\u00e0 vengono molto pressate sulla necessit\u00e0 di trovare una soluzione \u00e8 il segno che la citt\u00e0 \u00e8 cambiata e che rispetto a quella connivenza anche solo inconsapevole che ha determinato quella stagione stragista un\u2019evoluzione c\u2019\u00e8 stata. Dopo 30 anni c\u2019\u00e8 una voglia di legalit\u00e0 maggiore, che parte da fenomeni meno gravi\u201d. <\/em>Il numero uno del Viminale ribadisce poi la necessit\u00e0 che <em>\u201cquegli episodi stragisti devono insegnarci qualcosa e la fondazione Montinaro credo abbia anche questo tipo di prospettiva, cio\u00e8 di proiettarsi verso le giovani generazioni. C\u2019\u00e8 ancora tanto da fare non solo per la ricostruzione oggettiva della verit\u00e0, ma per creare i presupposti affinch\u00e9 tutto questo non accada pi\u00f9: sicuramente la politica si deve impegnare, anche in direzione della ricostruzione di tutto quello che \u00e8 accaduto\u201d.<\/em><\/p>\n<p><strong>Colosimo<\/strong> esprime grande soddisfazione per la nascita della Fondazione:<em> \u201c\u00c8 un presidio cui tengo tantissimo perch\u00e9 in questo momento cos\u00ec importante, senza una prima linea fatta di giovani e giovanissimi, la lotta alla mafia rischia di fare grandissimi passi indietro\u201d<\/em>. La presidente della commissione Antimafia si sofferma poi sull\u2019incontro in programma venerd\u00ec a Catania dopo gli avvenimenti recenti:<em> \u201cI nostri ufficiali di collegamento e i magistrati che lavorano in commissione hanno fatto un primo lavoro che certifica di alcune fibrillazioni: andiamo a Catania per dimostrare che nessuna nuova faida o eventuale nuova faida pu\u00f2 mettere paura allo Stato e alla citt\u00e0\u201d.<\/em><\/p>\n<p>\u2013 foto xd8\/Italpress \u2013<\/p>\n<p>(ITALPRESS).<\/p>\n<\/div>\n","protected":false},"excerpt":{"rendered":"<p>PALERMO (ITALPRESS) \u2013 Una data simbolica per rendere omaggio a una figura simbolica della lotta alla mafia: nel giorno del compleanno di Antonio Montinaro, caposcorta di Giovanni Falcone morto con lui nella strage di Capaci, nasce una Fondazione a lui intitolata con l\u2019obiettivo di venire incontro alle esigenze di bambini con gravi patologie e studenti [&hellip;]<\/p>\n","protected":false},"author":18,"featured_media":249585,"comment_status":"closed","ping_status":"closed","sticky":false,"template":"","format":"standard","meta":{"ub_ctt_via":"","_mi_skip_tracking":false},"categories":[2449],"tags":[783],"featured_image_src":"https:\/\/www.messinaoggi.it\/website\/wp-content\/uploads\/2025\/09\/Montinaro-1-1.jpg","author_info":{"display_name":"Admin","author_link":"https:\/\/www.messinaoggi.it\/website\/author\/admin\/"},"digistream_id":0,"digistream":false,"_links":{"self":[{"href":"https:\/\/www.messinaoggi.it\/website\/wp-json\/wp\/v2\/posts\/249584"}],"collection":[{"href":"https:\/\/www.messinaoggi.it\/website\/wp-json\/wp\/v2\/posts"}],"about":[{"href":"https:\/\/www.messinaoggi.it\/website\/wp-json\/wp\/v2\/types\/post"}],"author":[{"embeddable":true,"href":"https:\/\/www.messinaoggi.it\/website\/wp-json\/wp\/v2\/users\/18"}],"replies":[{"embeddable":true,"href":"https:\/\/www.messinaoggi.it\/website\/wp-json\/wp\/v2\/comments?post=249584"}],"version-history":[{"count":0,"href":"https:\/\/www.messinaoggi.it\/website\/wp-json\/wp\/v2\/posts\/249584\/revisions"}],"wp:featuredmedia":[{"embeddable":true,"href":"https:\/\/www.messinaoggi.it\/website\/wp-json\/wp\/v2\/media\/249585"}],"wp:attachment":[{"href":"https:\/\/www.messinaoggi.it\/website\/wp-json\/wp\/v2\/media?parent=249584"}],"wp:term":[{"taxonomy":"category","embeddable":true,"href":"https:\/\/www.messinaoggi.it\/website\/wp-json\/wp\/v2\/categories?post=249584"},{"taxonomy":"post_tag","embeddable":true,"href":"https:\/\/www.messinaoggi.it\/website\/wp-json\/wp\/v2\/tags?post=249584"}],"curies":[{"name":"wp","href":"https:\/\/api.w.org\/{rel}","templated":true}]}}