{"id":249574,"date":"2025-09-08T15:05:59","date_gmt":"2025-09-08T13:05:59","guid":{"rendered":"https:\/\/www.messinaoggi.it\/website\/2025\/09\/08\/mattarella-in-troppe-aree-del-pianeta-listruzione-e-un-diritto-negato\/"},"modified":"2025-09-08T15:05:59","modified_gmt":"2025-09-08T13:05:59","slug":"mattarella-in-troppe-aree-del-pianeta-listruzione-e-un-diritto-negato","status":"publish","type":"post","link":"https:\/\/www.messinaoggi.it\/website\/2025\/09\/08\/mattarella-in-troppe-aree-del-pianeta-listruzione-e-un-diritto-negato\/","title":{"rendered":"Mattarella \u201cIn troppe aree del pianeta l\u2019istruzione \u00e8 un diritto negato\u201d"},"content":{"rendered":"<div>ROMA (ITALPRESS) &#8211; &#8221; In troppe aree del pianeta, l&#8217;istruzione rimane un diritto negato, nonostante il suo formale riconoscimento, e anche nelle stesse societ\u00e0 pi\u00f9 avanzate resistono forme di esclusione dall&#8217;accesso alla lettura, alla scrittura, al far di conto. Analfabetismo \u00e8 spesso sinonimo di povert\u00e0. Con la Repubblica, in Italia, l&#8217;analfabetismo tradizionale \u00e8 stato in gran parte superato, in aderenza al dettato della nostra Costituzione. Continua per\u00f2 a preoccupare l&#8217;elevata incidenza dell&#8217;analfabetismo funzionale, che coinvolge un terzo della popolazione adulta&#8221;. Cos\u00ec il presidente della Repubblica, Sergio Mattarella. &#8220;A questo si aggiungono le sfide rappresentate dalla digitalizzazione, che spostano la fruizione di contenuti e la stessa pratica dei diritti su nuove piattaforme, con il rischio di nuove disuguaglianze ed esclusioni. Il tema scelto quest&#8217;anno per la Giornata \u00e8, opportunamente, &#8216;Promuovere l&#8217;alfabetizzazione nell&#8217;era digital\u00e8 e ci invita a rivedere il significato stesso di alfabetizzazione. Un cammino che, ormai, non abbraccia solo le competenze linguistiche, ma anche quelle digitali, indispensabili per affrontare le grandi trasformazioni in atto. Si tratta di una condizione essenziale per esercitare i propri diritti e per consentire lo sviluppo di un pensiero critico e autonomo contribuendo, consapevolmente, alla costruzione di una societ\u00e0 pi\u00f9 equa, aperta e solidale&#8221;, conclude il capo dello Stato.<br \/>(ITALPRESS).<br \/>-Foto: Quirinale-<\/div>\n<div id=\"div-gpt-ad-Messinaoggi.it-DSK-300x250-corpoart\" style=\"text-align:center;margin:0 auto;\"><\/div><\/p><div id=\"videoincontent\" style=\"clear:both\";><\/div>","protected":false},"excerpt":{"rendered":"<p>ROMA (ITALPRESS) &#8211; &#8221; In troppe aree del pianeta, l&#8217;istruzione rimane un diritto negato, nonostante il suo formale riconoscimento, e anche nelle stesse societ\u00e0 pi\u00f9 avanzate resistono forme di esclusione dall&#8217;accesso alla lettura, alla scrittura, al far di conto. Analfabetismo \u00e8 spesso sinonimo di povert\u00e0. Con la Repubblica, in Italia, l&#8217;analfabetismo tradizionale \u00e8 stato in [&hellip;]<\/p>\n","protected":false},"author":18,"featured_media":249575,"comment_status":"closed","ping_status":"closed","sticky":false,"template":"","format":"standard","meta":{"ub_ctt_via":"","_mi_skip_tracking":false},"categories":[446],"tags":[783],"featured_image_src":"https:\/\/www.messinaoggi.it\/website\/wp-content\/uploads\/2025\/09\/20250908_0573.jpg","author_info":{"display_name":"Admin","author_link":"https:\/\/www.messinaoggi.it\/website\/author\/admin\/"},"digistream_id":0,"digistream":false,"_links":{"self":[{"href":"https:\/\/www.messinaoggi.it\/website\/wp-json\/wp\/v2\/posts\/249574"}],"collection":[{"href":"https:\/\/www.messinaoggi.it\/website\/wp-json\/wp\/v2\/posts"}],"about":[{"href":"https:\/\/www.messinaoggi.it\/website\/wp-json\/wp\/v2\/types\/post"}],"author":[{"embeddable":true,"href":"https:\/\/www.messinaoggi.it\/website\/wp-json\/wp\/v2\/users\/18"}],"replies":[{"embeddable":true,"href":"https:\/\/www.messinaoggi.it\/website\/wp-json\/wp\/v2\/comments?post=249574"}],"version-history":[{"count":0,"href":"https:\/\/www.messinaoggi.it\/website\/wp-json\/wp\/v2\/posts\/249574\/revisions"}],"wp:featuredmedia":[{"embeddable":true,"href":"https:\/\/www.messinaoggi.it\/website\/wp-json\/wp\/v2\/media\/249575"}],"wp:attachment":[{"href":"https:\/\/www.messinaoggi.it\/website\/wp-json\/wp\/v2\/media?parent=249574"}],"wp:term":[{"taxonomy":"category","embeddable":true,"href":"https:\/\/www.messinaoggi.it\/website\/wp-json\/wp\/v2\/categories?post=249574"},{"taxonomy":"post_tag","embeddable":true,"href":"https:\/\/www.messinaoggi.it\/website\/wp-json\/wp\/v2\/tags?post=249574"}],"curies":[{"name":"wp","href":"https:\/\/api.w.org\/{rel}","templated":true}]}}