{"id":249572,"date":"2025-09-08T15:05:56","date_gmt":"2025-09-08T13:05:56","guid":{"rendered":"https:\/\/www.messinaoggi.it\/website\/2025\/09\/08\/gaza-crosetto-decisione-su-stop-guerra-nelle-mani-di-netanyahu\/"},"modified":"2025-09-08T15:05:56","modified_gmt":"2025-09-08T13:05:56","slug":"gaza-crosetto-decisione-su-stop-guerra-nelle-mani-di-netanyahu","status":"publish","type":"post","link":"https:\/\/www.messinaoggi.it\/website\/2025\/09\/08\/gaza-crosetto-decisione-su-stop-guerra-nelle-mani-di-netanyahu\/","title":{"rendered":"Gaza, Crosetto \u201cDecisione su stop guerra nelle mani di Netanyahu\u201d"},"content":{"rendered":"<div>ROMA (ITALPRESS) &#8211; &#8220;La cosa non mi creer\u00e0 simpatia in giro, ma credo che ci\u00f2 che sta accadendo a Gaza  e la decisione di terminare la guerra \u00e8 nelle mani di un uomo, cos\u00ec come accade nella guerra in Ucraina. In un caso si chiama Putin e nell&#8217;altro Netanyahu&#8221;. Cos\u00ec il ministro della Difesa, Guido Crosetto, a margine dell&#8217;82\u00b0 anniversario della Difesa di Roma a Porta San Paolo e al Parco della Resistenza dell&#8217;8 settembre. <br \/>&#8220;Quello che noi possiamo fare \u00e8 urlare la nostra disperazione che si unisce a quella dei disperati veri, penso all&#8217;Ucraina e ai civili palestinesi. L&#8217;Italia lo sta facendo con forza, ma questo deve aumentare e dobbiamo far capire che lo facciamo non solo per il popolo palestinese&#8221;, sottolinea il ministro. &#8220;Penso al futuro di Israele, dopo che sar\u00e0 cresciuto l&#8217;odio in una popolazione dove molti non facevano parte di Hamas, anzi la odiavano e la consideravano terroristi. E&#8217; inutile fare come la spada mitologica che tagliava le teste all&#8217;Idra. Se si taglia una testa e poi ne rinascono tre, occorre fermare la spada e ragionare piuttosto che continuare a tagliare se poi si alimenta solo odio&#8221;, ha concluso Crosetto.<br \/>(ITALPRESS).<br \/>-Foto: Ipa Agency-<\/div>\n<div id=\"div-gpt-ad-Messinaoggi.it-DSK-300x250-corpoart\" style=\"text-align:center;margin:0 auto;\"><\/div><\/p><div id=\"videoincontent\" style=\"clear:both\";><\/div>","protected":false},"excerpt":{"rendered":"<p>ROMA (ITALPRESS) &#8211; &#8220;La cosa non mi creer\u00e0 simpatia in giro, ma credo che ci\u00f2 che sta accadendo a Gaza e la decisione di terminare la guerra \u00e8 nelle mani di un uomo, cos\u00ec come accade nella guerra in Ucraina. In un caso si chiama Putin e nell&#8217;altro Netanyahu&#8221;. Cos\u00ec il ministro della Difesa, Guido [&hellip;]<\/p>\n","protected":false},"author":18,"featured_media":249573,"comment_status":"closed","ping_status":"closed","sticky":false,"template":"","format":"standard","meta":{"ub_ctt_via":"","_mi_skip_tracking":false},"categories":[446],"tags":[783],"featured_image_src":"https:\/\/www.messinaoggi.it\/website\/wp-content\/uploads\/2025\/09\/20250908_0546.jpg","author_info":{"display_name":"Admin","author_link":"https:\/\/www.messinaoggi.it\/website\/author\/admin\/"},"digistream_id":0,"digistream":false,"_links":{"self":[{"href":"https:\/\/www.messinaoggi.it\/website\/wp-json\/wp\/v2\/posts\/249572"}],"collection":[{"href":"https:\/\/www.messinaoggi.it\/website\/wp-json\/wp\/v2\/posts"}],"about":[{"href":"https:\/\/www.messinaoggi.it\/website\/wp-json\/wp\/v2\/types\/post"}],"author":[{"embeddable":true,"href":"https:\/\/www.messinaoggi.it\/website\/wp-json\/wp\/v2\/users\/18"}],"replies":[{"embeddable":true,"href":"https:\/\/www.messinaoggi.it\/website\/wp-json\/wp\/v2\/comments?post=249572"}],"version-history":[{"count":0,"href":"https:\/\/www.messinaoggi.it\/website\/wp-json\/wp\/v2\/posts\/249572\/revisions"}],"wp:featuredmedia":[{"embeddable":true,"href":"https:\/\/www.messinaoggi.it\/website\/wp-json\/wp\/v2\/media\/249573"}],"wp:attachment":[{"href":"https:\/\/www.messinaoggi.it\/website\/wp-json\/wp\/v2\/media?parent=249572"}],"wp:term":[{"taxonomy":"category","embeddable":true,"href":"https:\/\/www.messinaoggi.it\/website\/wp-json\/wp\/v2\/categories?post=249572"},{"taxonomy":"post_tag","embeddable":true,"href":"https:\/\/www.messinaoggi.it\/website\/wp-json\/wp\/v2\/tags?post=249572"}],"curies":[{"name":"wp","href":"https:\/\/api.w.org\/{rel}","templated":true}]}}