{"id":249543,"date":"2025-09-07T22:06:06","date_gmt":"2025-09-07T20:06:06","guid":{"rendered":"https:\/\/www.messinaoggi.it\/website\/2025\/09\/07\/domani-israele-italia-gattuso-attenzione-alle-transizioni\/"},"modified":"2025-09-07T22:06:06","modified_gmt":"2025-09-07T20:06:06","slug":"domani-israele-italia-gattuso-attenzione-alle-transizioni","status":"publish","type":"post","link":"https:\/\/www.messinaoggi.it\/website\/2025\/09\/07\/domani-israele-italia-gattuso-attenzione-alle-transizioni\/","title":{"rendered":"Domani Israele-Italia, Gattuso \u201cAttenzione alle transizioni\u201d"},"content":{"rendered":"<div>DEBRECEN (UNGHERIA) (ITALPRESS) &#8211; Vincere aiuta a vincere. Ma il 5-0 contro l&#8217;Estonia deve essere messo da parte, almeno per una notte. Secondo impegno per l&#8217;Italia di Gennaro Gattuso che a Debrecen, in Ungheria, sfider\u00e0 Israele: l&#8217;obiettivo \u00e8 trovare la terza vittoria consecutiva, magari segnando pi\u00f9 reti possibili in modo tale da ritoccare quella che \u00e8 la differenza reti, criterio cruciale in caso di arrivo a pari punti con la Norvegia. Prima per\u00f2 bisogner\u00e0 pensare soltanto al campo: &#8220;Sar\u00e0 una partita in cui dobbiamo stare molto attenti sulle transizioni, avendo loro giocatori con pepe e vivacit\u00e0 ci possono far male &#8211; ha dichiarato il ct azzurro -, il problema non sono i due attaccanti, \u00e8 come giocare nella loro met\u00e0 campo e come gestire bene quando perdiamo palla. La partita si giocher\u00e0 su questo aspetto&#8221;. Spazio anche agli eventuali dubbi di formazione: &#8220;Coppia Kean-Retegui? Ci pu\u00f2 stare &#8211; ha aggiunto -, si parla solo di cercare un p\u00f2 di equilibrio in pi\u00f9, sono due giocatori che si sanno trovare, ci danno la possibilit\u00e0 di sviluppare la manovra in un certo modo, domani avremo una partita totalmente diversa rispetto all&#8217;Estonia&#8221;. <br \/>Qualche cambio ci sar\u00e0 rispetto alla gara di Bergamo, complicato vedere in campo dal primo minuto Zaccagni: ieri l&#8217;esterno azzurro non si \u00e8 allenato, oggi ha svolto una seduta differenziata in palestra per smaltire i postumi del match di venerd\u00ec. Gattuso nell&#8217;allenamento alla vigilia ha provato diversi moduli tra cui il 4-4-2 gi\u00e0 visto nella sua prima uscita da ct: Kean e Retegui potrebbero partire nuovamente dal primo minuto con Barella e Tonali a centrocampo. Il centrocampista del Newcastle \u00e8 intervenuto ai microfoni di Rai Sport: &#8220;Abbiamo avuto dei momenti di difficolt\u00e0, bisogna sempre aiutare tutti e tirar fuori tutti, questo sto facendo. Siamo riusciti a fare una partita facendo tanti gol, divertendoci nonostante il primo tempo difficile. Siamo stati ordinati e concentrati, non abbiamo subito, eravamo sempre positivi. Gattuso ci sta trattando come giocatori forti, perch\u00e8 siamo questi, noi gli stiamo dando questo, ci sta dando tranquillit\u00e0&#8221;. <br \/>&#8211; foto Ipa Agency &#8211;<br \/>(ITALPRESS).<\/div>\n<div id=\"div-gpt-ad-Messinaoggi.it-DSK-300x250-corpoart\" style=\"text-align:center;margin:0 auto;\"><\/div><\/p><div id=\"videoincontent\" style=\"clear:both\";><\/div>","protected":false},"excerpt":{"rendered":"<p>DEBRECEN (UNGHERIA) (ITALPRESS) &#8211; Vincere aiuta a vincere. Ma il 5-0 contro l&#8217;Estonia deve essere messo da parte, almeno per una notte. Secondo impegno per l&#8217;Italia di Gennaro Gattuso che a Debrecen, in Ungheria, sfider\u00e0 Israele: l&#8217;obiettivo \u00e8 trovare la terza vittoria consecutiva, magari segnando pi\u00f9 reti possibili in modo tale da ritoccare quella che [&hellip;]<\/p>\n","protected":false},"author":18,"featured_media":249544,"comment_status":"closed","ping_status":"closed","sticky":false,"template":"","format":"standard","meta":{"ub_ctt_via":"","_mi_skip_tracking":false},"categories":[446],"tags":[783],"featured_image_src":"https:\/\/www.messinaoggi.it\/website\/wp-content\/uploads\/2025\/09\/20250907_1777.jpg","author_info":{"display_name":"Admin","author_link":"https:\/\/www.messinaoggi.it\/website\/author\/admin\/"},"digistream_id":0,"digistream":false,"_links":{"self":[{"href":"https:\/\/www.messinaoggi.it\/website\/wp-json\/wp\/v2\/posts\/249543"}],"collection":[{"href":"https:\/\/www.messinaoggi.it\/website\/wp-json\/wp\/v2\/posts"}],"about":[{"href":"https:\/\/www.messinaoggi.it\/website\/wp-json\/wp\/v2\/types\/post"}],"author":[{"embeddable":true,"href":"https:\/\/www.messinaoggi.it\/website\/wp-json\/wp\/v2\/users\/18"}],"replies":[{"embeddable":true,"href":"https:\/\/www.messinaoggi.it\/website\/wp-json\/wp\/v2\/comments?post=249543"}],"version-history":[{"count":0,"href":"https:\/\/www.messinaoggi.it\/website\/wp-json\/wp\/v2\/posts\/249543\/revisions"}],"wp:featuredmedia":[{"embeddable":true,"href":"https:\/\/www.messinaoggi.it\/website\/wp-json\/wp\/v2\/media\/249544"}],"wp:attachment":[{"href":"https:\/\/www.messinaoggi.it\/website\/wp-json\/wp\/v2\/media?parent=249543"}],"wp:term":[{"taxonomy":"category","embeddable":true,"href":"https:\/\/www.messinaoggi.it\/website\/wp-json\/wp\/v2\/categories?post=249543"},{"taxonomy":"post_tag","embeddable":true,"href":"https:\/\/www.messinaoggi.it\/website\/wp-json\/wp\/v2\/tags?post=249543"}],"curies":[{"name":"wp","href":"https:\/\/api.w.org\/{rel}","templated":true}]}}