{"id":249531,"date":"2025-09-07T16:05:56","date_gmt":"2025-09-07T14:05:56","guid":{"rendered":"https:\/\/www.messinaoggi.it\/website\/2025\/09\/07\/giorgetti-questanno-non-serve-nessuna-manovra-correttiva\/"},"modified":"2025-09-07T16:05:56","modified_gmt":"2025-09-07T14:05:56","slug":"giorgetti-questanno-non-serve-nessuna-manovra-correttiva","status":"publish","type":"post","link":"https:\/\/www.messinaoggi.it\/website\/2025\/09\/07\/giorgetti-questanno-non-serve-nessuna-manovra-correttiva\/","title":{"rendered":"Giorgetti \u201cQuest\u2019anno non serve nessuna manovra correttiva\u201d"},"content":{"rendered":"<div>CERNOBBIO (ITALPRESS) &#8211;<em> &#8220;La prima notizia \u00e8 che, rispetto a quello a cui eravamo abituati negli anni scorsi in cui la legge finanziaria era la legge delle manovre correttive e cio\u00e8 dei sacrifici imposti agli italiani, quest&#8217;anno non serve nessuna manovra correttiva semplicemente perch\u00e8 i conti stanno andando esattamente come avevamo previsto&#8221;.<\/em> Lo ha detto il ministro dell&#8217;Economia Giancarlo <strong>Giorgetti<\/strong> nel suo intervento al <strong>Forum Teha di Cernobbio.<\/strong><div id=\"div-gpt-ad-Messinaoggi.it-DSK-300x250-corpoart\" style=\"text-align:center;margin:0 auto;\"><\/div><\/p>\n<p><em>&#8220;C&#8217;\u00e8 il problema dell&#8217;interscambio con gli Stati Uniti, ma il problema pi\u00f9 serio, strutturale, enorme \u00e8 il deficit commerciale con la Cina e con i paesi asiatici sempre pi\u00f9 pronunciato. Il problema della overcapacity cinese e del fatto che in un contesto di competizione globale alcuni si possono permettere di produrre in perdita e a dei prezzi non remunerativi \u00e8 un fattore che deve essere considerato&#8221;<\/em>, ha aggiunto il ministro.<div id=\"videoincontent\" style=\"clear:both\";><\/div><\/p>\n<p><em>&#8220;Nel panorama europeo siamo forse quelli che, dopo avere contestato e argomentato rispetto alle nuove regole europee, le stanno rispettando in modo pi\u00f9 puntuale e continueremo in questa direzione&#8221;<\/em>, ha concluso Giorgetti.<\/p>\n<p>foto: IPA Agency<\/p>\n<p>(ITALPRESS).<\/p><\/div>\n","protected":false},"excerpt":{"rendered":"<p>CERNOBBIO (ITALPRESS) &#8211; &#8220;La prima notizia \u00e8 che, rispetto a quello a cui eravamo abituati negli anni scorsi in cui la legge finanziaria era la legge delle manovre correttive e cio\u00e8 dei sacrifici imposti agli italiani, quest&#8217;anno non serve nessuna manovra correttiva semplicemente perch\u00e8 i conti stanno andando esattamente come avevamo previsto&#8221;. Lo ha detto [&hellip;]<\/p>\n","protected":false},"author":18,"featured_media":249532,"comment_status":"closed","ping_status":"closed","sticky":false,"template":"","format":"standard","meta":{"ub_ctt_via":"","_mi_skip_tracking":false},"categories":[446],"tags":[783],"featured_image_src":"https:\/\/www.messinaoggi.it\/website\/wp-content\/uploads\/2025\/09\/20250907_0301.jpg","author_info":{"display_name":"Admin","author_link":"https:\/\/www.messinaoggi.it\/website\/author\/admin\/"},"digistream_id":0,"digistream":false,"_links":{"self":[{"href":"https:\/\/www.messinaoggi.it\/website\/wp-json\/wp\/v2\/posts\/249531"}],"collection":[{"href":"https:\/\/www.messinaoggi.it\/website\/wp-json\/wp\/v2\/posts"}],"about":[{"href":"https:\/\/www.messinaoggi.it\/website\/wp-json\/wp\/v2\/types\/post"}],"author":[{"embeddable":true,"href":"https:\/\/www.messinaoggi.it\/website\/wp-json\/wp\/v2\/users\/18"}],"replies":[{"embeddable":true,"href":"https:\/\/www.messinaoggi.it\/website\/wp-json\/wp\/v2\/comments?post=249531"}],"version-history":[{"count":0,"href":"https:\/\/www.messinaoggi.it\/website\/wp-json\/wp\/v2\/posts\/249531\/revisions"}],"wp:featuredmedia":[{"embeddable":true,"href":"https:\/\/www.messinaoggi.it\/website\/wp-json\/wp\/v2\/media\/249532"}],"wp:attachment":[{"href":"https:\/\/www.messinaoggi.it\/website\/wp-json\/wp\/v2\/media?parent=249531"}],"wp:term":[{"taxonomy":"category","embeddable":true,"href":"https:\/\/www.messinaoggi.it\/website\/wp-json\/wp\/v2\/categories?post=249531"},{"taxonomy":"post_tag","embeddable":true,"href":"https:\/\/www.messinaoggi.it\/website\/wp-json\/wp\/v2\/tags?post=249531"}],"curies":[{"name":"wp","href":"https:\/\/api.w.org\/{rel}","templated":true}]}}