{"id":249529,"date":"2025-09-07T14:06:07","date_gmt":"2025-09-07T12:06:07","guid":{"rendered":"https:\/\/www.messinaoggi.it\/website\/2025\/09\/07\/nordio-referendum-sulla-giustizia-sia-tecnico-non-pro-o-contro-governo\/"},"modified":"2025-09-07T14:06:07","modified_gmt":"2025-09-07T12:06:07","slug":"nordio-referendum-sulla-giustizia-sia-tecnico-non-pro-o-contro-governo","status":"publish","type":"post","link":"https:\/\/www.messinaoggi.it\/website\/2025\/09\/07\/nordio-referendum-sulla-giustizia-sia-tecnico-non-pro-o-contro-governo\/","title":{"rendered":"Nordio \u201cReferendum sulla giustizia sia tecnico, non pro o contro governo\u201d"},"content":{"rendered":"<div>CERNOBBIO (ITALPRESS) &#8211; In merito alla <strong>riforma della giustizia<\/strong> &#8220;<em>io spero che questo referendum quando ci sar\u00e0 non si traduca, come \u00e8 avvenuto a suo tempo per Renzi, in un Meloni s\u00ec &#8211; Meloni no. Questo deve essere un referendum esclusivamente tecnico-giuridico e non deve essere un referendum pro o contro il governo&#8221;<\/em>. Lo ha detto il ministro della Giustizia <strong>Carlo Nordio<\/strong> nel suo intervento al <strong>Forum Teha di Cernobbio<\/strong>.<div id=\"div-gpt-ad-Messinaoggi.it-DSK-300x250-corpoart\" style=\"text-align:center;margin:0 auto;\"><\/div><\/p>\n<p>Secondo il ministro, <em>&#8220;la ragione \u00e8 semplice. Noi pensiamo di vincere, ma una nostra vittoria nei confronti di una magistratura che si fosse politicizzata al punto da allearsi con le forze politiche dell&#8217;opposizione sarebbe una vittoria politica nei confronti di una magistratura che si \u00e8 data alla politica e questo non andrebbe bene perch\u00e8 le sconfitte politiche si pagano&#8221;.<\/em><div id=\"videoincontent\" style=\"clear:both\";><\/div><\/p>\n<p>foto: IPA Agency<\/p>\n<p>(ITALPRESS).<\/p><\/div>\n","protected":false},"excerpt":{"rendered":"<p>CERNOBBIO (ITALPRESS) &#8211; In merito alla riforma della giustizia &#8220;io spero che questo referendum quando ci sar\u00e0 non si traduca, come \u00e8 avvenuto a suo tempo per Renzi, in un Meloni s\u00ec &#8211; Meloni no. Questo deve essere un referendum esclusivamente tecnico-giuridico e non deve essere un referendum pro o contro il governo&#8221;. Lo ha [&hellip;]<\/p>\n","protected":false},"author":18,"featured_media":249530,"comment_status":"closed","ping_status":"closed","sticky":false,"template":"","format":"standard","meta":{"ub_ctt_via":"","_mi_skip_tracking":false},"categories":[446],"tags":[783],"featured_image_src":"https:\/\/www.messinaoggi.it\/website\/wp-content\/uploads\/2025\/09\/20250907_0275.jpg","author_info":{"display_name":"Admin","author_link":"https:\/\/www.messinaoggi.it\/website\/author\/admin\/"},"digistream_id":0,"digistream":false,"_links":{"self":[{"href":"https:\/\/www.messinaoggi.it\/website\/wp-json\/wp\/v2\/posts\/249529"}],"collection":[{"href":"https:\/\/www.messinaoggi.it\/website\/wp-json\/wp\/v2\/posts"}],"about":[{"href":"https:\/\/www.messinaoggi.it\/website\/wp-json\/wp\/v2\/types\/post"}],"author":[{"embeddable":true,"href":"https:\/\/www.messinaoggi.it\/website\/wp-json\/wp\/v2\/users\/18"}],"replies":[{"embeddable":true,"href":"https:\/\/www.messinaoggi.it\/website\/wp-json\/wp\/v2\/comments?post=249529"}],"version-history":[{"count":0,"href":"https:\/\/www.messinaoggi.it\/website\/wp-json\/wp\/v2\/posts\/249529\/revisions"}],"wp:featuredmedia":[{"embeddable":true,"href":"https:\/\/www.messinaoggi.it\/website\/wp-json\/wp\/v2\/media\/249530"}],"wp:attachment":[{"href":"https:\/\/www.messinaoggi.it\/website\/wp-json\/wp\/v2\/media?parent=249529"}],"wp:term":[{"taxonomy":"category","embeddable":true,"href":"https:\/\/www.messinaoggi.it\/website\/wp-json\/wp\/v2\/categories?post=249529"},{"taxonomy":"post_tag","embeddable":true,"href":"https:\/\/www.messinaoggi.it\/website\/wp-json\/wp\/v2\/tags?post=249529"}],"curies":[{"name":"wp","href":"https:\/\/api.w.org\/{rel}","templated":true}]}}