{"id":249521,"date":"2025-09-07T13:45:59","date_gmt":"2025-09-07T11:45:59","guid":{"rendered":"https:\/\/www.messinaoggi.it\/website\/2025\/09\/07\/ponte-sullo-stretto-salvini-in-settimana-dossier-alla-corte-dei-conti\/"},"modified":"2025-09-07T13:45:59","modified_gmt":"2025-09-07T11:45:59","slug":"ponte-sullo-stretto-salvini-in-settimana-dossier-alla-corte-dei-conti","status":"publish","type":"post","link":"https:\/\/www.messinaoggi.it\/website\/2025\/09\/07\/ponte-sullo-stretto-salvini-in-settimana-dossier-alla-corte-dei-conti\/","title":{"rendered":"Ponte sullo Stretto, Salvini \u201cIn settimana dossier alla Corte dei Conti\u201d"},"content":{"rendered":"<div>\n<p>CERNOBBIO (ITALPRESS) \u2013 Il<strong> Ponte sullo Stretto<\/strong> \u00e8<em> \u201cun\u2019opera totalmente coperta da denaro pubblico. Quindi non ci sono soldi della NATO, americani o dell\u2019Unione Europea. Se poi sar\u00e0 usata come infrastruttura non solo civile ma anche militare, ce lo dir\u00e0 la storia dal 2032: le polemiche di questi giorni sulla possibilit\u00e0 o meno di comprenderla fra l\u2019aumento delle spese militari in NATO non ci azzeccano nulla col fatto che questa settimana da Palazzo Chigi dovrebbe essere mandato il dossier alla Corte dei Conti. Una volta che la Corte dei Conti in piena scienza e coscienza dar\u00e0 l\u2019ok, conto che fra settembre e ottobre si parta con i cantieri, gli operai, gli scavi, gli espropri e le imprese anche lombarde che saranno sul territorio\u201d<\/em>. Cos\u00ec il vicepremier e ministro delle infrastrutture e dei trasporti <strong>Matteo Salvini<\/strong> nel corso del suo intervento al Forum Teha di Cernobbio.<div id=\"div-gpt-ad-Messinaoggi.it-DSK-300x250-corpoart\" style=\"text-align:center;margin:0 auto;\"><\/div><\/p>\n<p>\u2013 foto IPA Agency \u2013<div id=\"videoincontent\" style=\"clear:both\";><\/div><\/p>\n<p>(ITALPRESS).<\/p>\n<\/div>\n","protected":false},"excerpt":{"rendered":"<p>CERNOBBIO (ITALPRESS) \u2013 Il Ponte sullo Stretto \u00e8 \u201cun\u2019opera totalmente coperta da denaro pubblico. Quindi non ci sono soldi della NATO, americani o dell\u2019Unione Europea. Se poi sar\u00e0 usata come infrastruttura non solo civile ma anche militare, ce lo dir\u00e0 la storia dal 2032: le polemiche di questi giorni sulla possibilit\u00e0 o meno di comprenderla [&hellip;]<\/p>\n","protected":false},"author":18,"featured_media":249522,"comment_status":"closed","ping_status":"closed","sticky":false,"template":"","format":"standard","meta":{"ub_ctt_via":"","_mi_skip_tracking":false},"categories":[2449],"tags":[783],"featured_image_src":"https:\/\/www.messinaoggi.it\/website\/wp-content\/uploads\/2025\/09\/20250827_1464.jpg","author_info":{"display_name":"Admin","author_link":"https:\/\/www.messinaoggi.it\/website\/author\/admin\/"},"digistream_id":0,"digistream":false,"_links":{"self":[{"href":"https:\/\/www.messinaoggi.it\/website\/wp-json\/wp\/v2\/posts\/249521"}],"collection":[{"href":"https:\/\/www.messinaoggi.it\/website\/wp-json\/wp\/v2\/posts"}],"about":[{"href":"https:\/\/www.messinaoggi.it\/website\/wp-json\/wp\/v2\/types\/post"}],"author":[{"embeddable":true,"href":"https:\/\/www.messinaoggi.it\/website\/wp-json\/wp\/v2\/users\/18"}],"replies":[{"embeddable":true,"href":"https:\/\/www.messinaoggi.it\/website\/wp-json\/wp\/v2\/comments?post=249521"}],"version-history":[{"count":0,"href":"https:\/\/www.messinaoggi.it\/website\/wp-json\/wp\/v2\/posts\/249521\/revisions"}],"wp:featuredmedia":[{"embeddable":true,"href":"https:\/\/www.messinaoggi.it\/website\/wp-json\/wp\/v2\/media\/249522"}],"wp:attachment":[{"href":"https:\/\/www.messinaoggi.it\/website\/wp-json\/wp\/v2\/media?parent=249521"}],"wp:term":[{"taxonomy":"category","embeddable":true,"href":"https:\/\/www.messinaoggi.it\/website\/wp-json\/wp\/v2\/categories?post=249521"},{"taxonomy":"post_tag","embeddable":true,"href":"https:\/\/www.messinaoggi.it\/website\/wp-json\/wp\/v2\/tags?post=249521"}],"curies":[{"name":"wp","href":"https:\/\/api.w.org\/{rel}","templated":true}]}}