{"id":249487,"date":"2025-09-06T15:45:32","date_gmt":"2025-09-06T13:45:32","guid":{"rendered":"https:\/\/www.messinaoggi.it\/website\/2025\/09\/06\/palermo-osti-traccia-il-bilancio-abbiamo-centrato-tutti-gli-obiettivi-di-mercato\/"},"modified":"2025-09-06T15:45:32","modified_gmt":"2025-09-06T13:45:32","slug":"palermo-osti-traccia-il-bilancio-abbiamo-centrato-tutti-gli-obiettivi-di-mercato","status":"publish","type":"post","link":"https:\/\/www.messinaoggi.it\/website\/2025\/09\/06\/palermo-osti-traccia-il-bilancio-abbiamo-centrato-tutti-gli-obiettivi-di-mercato\/","title":{"rendered":"Palermo, Osti traccia il bilancio \u201cAbbiamo centrato tutti gli obiettivi di mercato\u201d"},"content":{"rendered":"<div>\n<p>PALERMO (ITALPRESS) \u2013 Il <strong>direttore sportivo del Palermo, Carlo Osti<\/strong>, traccia un bilancio positivo al termine della sessione estiva di mercato. <em>\u201cIo sono molto contento del mercato che abbiamo fatto perch\u00e9 <strong>abbiamo centrato tutti gli obiettivi<\/strong> che ci siamo prefissati\u201d<\/em>, ha affermato con soddisfazione ai microfoni di RGS. Un ringraziamento speciale va al City Football Group, che ha supportato Osti nella sua seconda finestra di mercato in rosanero: <em>\u201cIo ho lavorato su delle idee che mi ero fatto. Sono arrivato a gennaio e ritenevo che questa squadra avesse bisogno di pi\u00f9 esperienza e di giocatori di Serie A che venissero a Palermo con grandi motivazioni. Spero di aver raggiunto questo obiettivo. E quindi d\u2019accordo ovviamente con l\u2019allenatore Pippo Inzaghi abbiamo cercato di costruire una squadra su questi parametri\u201d.<\/em><div id=\"div-gpt-ad-Messinaoggi.it-DSK-300x250-corpoart\" style=\"text-align:center;margin:0 auto;\"><\/div><\/p>\n<p>Una sessione di mercato andata secondo i programmi: <em>\u201cL\u2019unico rimpianto \u00e8 Donnarumma (sorride, ndr), ma siamo molto contenti. Scherzi a parte, siamo molto felici di aver preso Joronen, che ha grande esperienza in categoria\u201d.<\/em> Sul fronte arrivi, confermata l\u2019operazione Avella: <em>\u201c<strong>Adesso direi che la squadra \u00e8 competitiva in tutti i reparti.<\/strong> In difesa siamo in cinque per tre ruoli. Valuteremo in questi giorni cosa fare ulteriormente, ma io penso che potremmo anche andare avanti in questa direzione\u201d. <\/em><div id=\"videoincontent\" style=\"clear:both\";><\/div><\/p>\n<p>Il tema delle uscite \u00e8 stato altrettanto delicato: <em>\u201c\u00c8 stato fatto un grande lavoro in uscita perch\u00e9 abbiamo rinunciato fin da subito a dei giocatori che poi si sono accasati da altre parti<\/em> \u2013 ha spiegato Osti -. <em>Direi che poi quelli fuori dal progetto hanno trovato tutti squadra e tranne Valerio Verre, al quale sono legato come ragazzo perch\u00e9 l\u2019ho avuto anche alla Sampdoria. Mi spiace sinceramente, per\u00f2 adesso vedremo i mercati ancora aperti e valuteremo cosa succeder\u00e0\u201d.<\/em><\/p>\n<p>Osti rivendica la scelta di puntare sull\u2019esperienza, pur senza trascurare i giovani: <em>\u201c<strong>Abbiamo tenuto i giovani che riteniamo siano molto forti<\/strong> e anche questi giovani hanno tutti avuto esperienza in cadetteria. Corona poi ha fatto molto bene a Pontedera, in Lega Pro, quindi abbiamo dei giovani sui quali sappiamo di poter contare in qualsiasi momento\u201d.<\/em> Il direttore sportivo sottolinea inoltre il valore del gruppo pi\u00f9 esperto: <em>\u201cBrunori \u00e8 il capitano di questa squadra, \u00e8 l\u2019uomo pi\u00f9 rappresentativo, rappresenta il Palermo, la citt\u00e0. Quindi ci aspettiamo da lui tante cose. Ma soprattutto penso che il reparto d\u2019attacco sia molto migliorato e quindi in questo momento Inzaghi possa avere parecchie soluzioni offensive\u201d.<\/em><\/p>\n<p>Inevitabile un passaggio sugli imprevisti, come la gestione dei portieri e la quesitone Magnani: \u201c<em>Il mercato \u00e8 di per s\u00e9 un mercato difficile e fluido. \u00c8 liquido come la societ\u00e0 in cui viviamo, come diceva Zygmunt Bauman. Per quanto riguarda i portieri io mi auguro intanto che possano riprendersi il pi\u00f9 in fretta possibile e poi gestiremo di volta in volta le cose\u201d.<\/em> Sul difensore: <em>\u201cLa societ\u00e0 \u00e8 stata vicinissima al giocatore, \u00e8 stato un dramma umano. Io mi auguro che Giangiacomo possa risolvere al pi\u00f9 presto i suoi problemi personali, perch\u00e9 io penso che riaverlo qui tra noi sarebbe bellissimo\u201d.<\/em><\/p>\n<p>Determinante anche l\u2019impatto del nuovo allenatore. <em><strong>\u201cInzaghi \u00e8 un allenatore vincente, \u00e8 un allenatore che ha portato un grande entusiasmo<\/strong> perch\u00e9 lui ha un entusiasmo contagioso. \u00c8 un allenatore che prepara benissimo le partite e le situazioni. Soprattutto non fa pesare il suo passato e questo ha creato una grande empatia con il gruppo\u201d.<\/em> Dal campo, i segnali sono incoraggianti: <em>\u201cL\u2019impressione \u00e8 sicuramente una visione positiva perch\u00e9<strong> la squadra ha lavorato bene nel ritiro di Chatillon.<\/strong> Ha fatto bene in Coppa Italia a Cremona, \u00e8 partita bene in campionato, in quattro punti, in due partite casalinghe. Quindi io penso che la partenza sia stata buona\u201d.<\/em> Infine, un pensiero alla piazza: <em>\u201cIl messaggio della piazza \u00e8 stato eloquente, adesso star\u00e0 a noi mantenere alto questo entusiasmo e cercare di entusiasmare di partita in partita\u201d.<\/em><\/p>\n<p>\u2013 Foto IPA Agency \u2013<\/p>\n<p>(ITALPRESS).<\/p>\n<\/div>\n","protected":false},"excerpt":{"rendered":"<p>PALERMO (ITALPRESS) \u2013 Il direttore sportivo del Palermo, Carlo Osti, traccia un bilancio positivo al termine della sessione estiva di mercato. \u201cIo sono molto contento del mercato che abbiamo fatto perch\u00e9 abbiamo centrato tutti gli obiettivi che ci siamo prefissati\u201d, ha affermato con soddisfazione ai microfoni di RGS. Un ringraziamento speciale va al City Football [&hellip;]<\/p>\n","protected":false},"author":18,"featured_media":249488,"comment_status":"closed","ping_status":"closed","sticky":false,"template":"","format":"standard","meta":{"ub_ctt_via":"","_mi_skip_tracking":false},"categories":[2449],"tags":[783],"featured_image_src":"https:\/\/www.messinaoggi.it\/website\/wp-content\/uploads\/2025\/09\/Osti.jpg","author_info":{"display_name":"Admin","author_link":"https:\/\/www.messinaoggi.it\/website\/author\/admin\/"},"digistream_id":0,"digistream":false,"_links":{"self":[{"href":"https:\/\/www.messinaoggi.it\/website\/wp-json\/wp\/v2\/posts\/249487"}],"collection":[{"href":"https:\/\/www.messinaoggi.it\/website\/wp-json\/wp\/v2\/posts"}],"about":[{"href":"https:\/\/www.messinaoggi.it\/website\/wp-json\/wp\/v2\/types\/post"}],"author":[{"embeddable":true,"href":"https:\/\/www.messinaoggi.it\/website\/wp-json\/wp\/v2\/users\/18"}],"replies":[{"embeddable":true,"href":"https:\/\/www.messinaoggi.it\/website\/wp-json\/wp\/v2\/comments?post=249487"}],"version-history":[{"count":0,"href":"https:\/\/www.messinaoggi.it\/website\/wp-json\/wp\/v2\/posts\/249487\/revisions"}],"wp:featuredmedia":[{"embeddable":true,"href":"https:\/\/www.messinaoggi.it\/website\/wp-json\/wp\/v2\/media\/249488"}],"wp:attachment":[{"href":"https:\/\/www.messinaoggi.it\/website\/wp-json\/wp\/v2\/media?parent=249487"}],"wp:term":[{"taxonomy":"category","embeddable":true,"href":"https:\/\/www.messinaoggi.it\/website\/wp-json\/wp\/v2\/categories?post=249487"},{"taxonomy":"post_tag","embeddable":true,"href":"https:\/\/www.messinaoggi.it\/website\/wp-json\/wp\/v2\/tags?post=249487"}],"curies":[{"name":"wp","href":"https:\/\/api.w.org\/{rel}","templated":true}]}}