{"id":249455,"date":"2025-09-05T17:45:32","date_gmt":"2025-09-05T15:45:32","guid":{"rendered":"https:\/\/www.messinaoggi.it\/website\/2025\/09\/05\/anello-la-japan-week-2026-a-palermo-diventa-realta-firmato-accordo\/"},"modified":"2025-09-05T17:45:32","modified_gmt":"2025-09-05T15:45:32","slug":"anello-la-japan-week-2026-a-palermo-diventa-realta-firmato-accordo","status":"publish","type":"post","link":"https:\/\/www.messinaoggi.it\/website\/2025\/09\/05\/anello-la-japan-week-2026-a-palermo-diventa-realta-firmato-accordo\/","title":{"rendered":"Anello \u201cLa Japan Week 2026 a Palermo diventa realt\u00e0, firmato accordo\u201d"},"content":{"rendered":"<div>\n<p>PALERMO (ITALPRESS) \u2013 <em><strong>\u201cLa Japan Week 2026 a Palermo diventa realt\u00e0.<\/strong> A Manchester, dove \u00e8 in corso l\u2019edizione 2025, ho firmato in rappresentanza dell\u2019amministrazione comunale <strong>un accordo di collaborazione fra la Citt\u00e0 di Palermo e l\u2019International friendship foundation di Tokyo<\/strong> per ospitare <strong>dal 23 al 30 novembre dell\u2019anno prossimo<\/strong> la pi\u00f9 importante manifestazione di promozione della cultura e arte giapponese che si celebra ogni anno nelle principali citt\u00e0 del mondo. Palermo per sette giorni sar\u00e0 la capitale culturale del Sol Levante con spettacoli, musica, cerimonie del t\u00e8, artigianato, ikebana, origami, esibizioni di samurai, kimono e koto, workshop, mostre e tanto altro fra il Teatro Politeama, il Teatro Santa Cecilia e i Cantieri culturali alla Zisa. La Japan Week sar\u00e0 una straordinaria vetrina internazionale per la citt\u00e0 ma soprattutto un\u2019opportunit\u00e0 di sviluppo turistico in un periodo di bassa stagione con un migliaio di addetti ai lavori giapponesi attesi che alloggeranno nelle strutture ricettive, oltre al numero di visitatori ai vari eventi stimato fra 15 e 20 mila persone\u201d.<\/em> Lo dichiara l\u2019<strong>assessore comunale al Turismo, Alessandro Anello<\/strong>, che si trova a Manchester dove \u00e8 in corso l\u2019edizione 2025 della Japan Week.<div id=\"div-gpt-ad-Messinaoggi.it-DSK-300x250-corpoart\" style=\"text-align:center;margin:0 auto;\"><\/div><\/p>\n<p>\u2013 foto ufficio stampa Comune di Palermo \u2013<div id=\"videoincontent\" style=\"clear:both\";><\/div><\/p>\n<p>(ITALPRESS).<\/p>\n<\/div>\n","protected":false},"excerpt":{"rendered":"<p>PALERMO (ITALPRESS) \u2013 \u201cLa Japan Week 2026 a Palermo diventa realt\u00e0. A Manchester, dove \u00e8 in corso l\u2019edizione 2025, ho firmato in rappresentanza dell\u2019amministrazione comunale un accordo di collaborazione fra la Citt\u00e0 di Palermo e l\u2019International friendship foundation di Tokyo per ospitare dal 23 al 30 novembre dell\u2019anno prossimo la pi\u00f9 importante manifestazione di promozione [&hellip;]<\/p>\n","protected":false},"author":18,"featured_media":249456,"comment_status":"closed","ping_status":"closed","sticky":false,"template":"","format":"standard","meta":{"ub_ctt_via":"","_mi_skip_tracking":false},"categories":[2449],"tags":[783],"featured_image_src":"https:\/\/www.messinaoggi.it\/website\/wp-content\/uploads\/2025\/09\/Japan-Week.jpg","author_info":{"display_name":"Admin","author_link":"https:\/\/www.messinaoggi.it\/website\/author\/admin\/"},"digistream_id":0,"digistream":false,"_links":{"self":[{"href":"https:\/\/www.messinaoggi.it\/website\/wp-json\/wp\/v2\/posts\/249455"}],"collection":[{"href":"https:\/\/www.messinaoggi.it\/website\/wp-json\/wp\/v2\/posts"}],"about":[{"href":"https:\/\/www.messinaoggi.it\/website\/wp-json\/wp\/v2\/types\/post"}],"author":[{"embeddable":true,"href":"https:\/\/www.messinaoggi.it\/website\/wp-json\/wp\/v2\/users\/18"}],"replies":[{"embeddable":true,"href":"https:\/\/www.messinaoggi.it\/website\/wp-json\/wp\/v2\/comments?post=249455"}],"version-history":[{"count":0,"href":"https:\/\/www.messinaoggi.it\/website\/wp-json\/wp\/v2\/posts\/249455\/revisions"}],"wp:featuredmedia":[{"embeddable":true,"href":"https:\/\/www.messinaoggi.it\/website\/wp-json\/wp\/v2\/media\/249456"}],"wp:attachment":[{"href":"https:\/\/www.messinaoggi.it\/website\/wp-json\/wp\/v2\/media?parent=249455"}],"wp:term":[{"taxonomy":"category","embeddable":true,"href":"https:\/\/www.messinaoggi.it\/website\/wp-json\/wp\/v2\/categories?post=249455"},{"taxonomy":"post_tag","embeddable":true,"href":"https:\/\/www.messinaoggi.it\/website\/wp-json\/wp\/v2\/tags?post=249455"}],"curies":[{"name":"wp","href":"https:\/\/api.w.org\/{rel}","templated":true}]}}