{"id":249445,"date":"2025-09-05T15:45:30","date_gmt":"2025-09-05T13:45:30","guid":{"rendered":"https:\/\/www.messinaoggi.it\/website\/2025\/09\/05\/cna-sicilia-intesa-con-la-regione-sulla-fad-asincrona-per-lapprendistato\/"},"modified":"2025-09-05T15:45:30","modified_gmt":"2025-09-05T13:45:30","slug":"cna-sicilia-intesa-con-la-regione-sulla-fad-asincrona-per-lapprendistato","status":"publish","type":"post","link":"https:\/\/www.messinaoggi.it\/website\/2025\/09\/05\/cna-sicilia-intesa-con-la-regione-sulla-fad-asincrona-per-lapprendistato\/","title":{"rendered":"Cna Sicilia, intesa con la Regione sulla Fad asincrona per l\u2019apprendistato"},"content":{"rendered":"<div>\n<p>PALERMO (ITALPRESS) \u2013 \u201c<em>Esprimiamo vivo apprezzamento per l\u2019apertura e la disponibilit\u00e0 dimostrate dalla Regione Siciliana nel confronto sulla formazione asincrona nei percorsi di Apprendistato professionalizzante. Questo dialogo costruttivo rappresenta un passo importante verso norme chiare e moderne per le imprese e i giovani\u201d<\/em>. Cos\u00ec<strong> Giuseppe Orlando, Vicepresidente di CNA Sicilia, e Maurizio Merlino, dirigente regionale Cna,<\/strong> al termine dell\u2019incontro con i rappresentanti dell\u2019Assessorato regionale della Famiglia, delle Politiche Sociali e del Lavoro. <strong>La delegazione di CNA Sicilia ha incontrato il Ettore Foti,<\/strong> Dirigente Generale del Dipartimento Regionale del Lavoro, e il <strong>Dott. Ricciardo Pippo Maria,<\/strong> Dirigente del Servizio VI. Al centro del colloquio, l\u2019analisi del Comunicato prot. n. 44733 del 07\/11\/2024, che aveva sollevato dubbi interpretativi in merito all\u2019utilizzo della formazione a distanza (FAD).<div id=\"div-gpt-ad-Messinaoggi.it-DSK-300x250-corpoart\" style=\"text-align:center;margin:0 auto;\"><\/div><\/p>\n<p>Nel corso dell\u2019incontro, Orlando e Merlino hanno presentato una relazione dettagliata, evidenziando come: la Sicilia abbia gi\u00e0 regolamentato la materia con l\u2019Accordo del 3 agosto 2017, che consente l\u2019erogazione in FAD senza distinzione tra modalit\u00e0 sincrona e asincrona; la Circolare INL n. 2\/2022 non sia vincolante per la Regione, in virt\u00f9 della sua autonomia normativa; il nuovo Accordo Stato-Regioni del 17 aprile 2025 (pubblicato in G.U. il 24 maggio 2025) abbia superato il precedente del 2011, definendo l\u2019e-learning come modalit\u00e0 prevalentemente asincrona. I rappresentanti regionali hanno mostrato forte interesse per le argomentazioni espresse, condividendo l\u2019opportunit\u00e0 di chiarire il quadro normativo. \u00c8 emersa la concreta possibilit\u00e0 che vada presto definito un provvedimento regionale per confermare la piena ammissibilit\u00e0 della formazione in e-learning asincrono per l\u2019Apprendistato professionalizzante.<div id=\"videoincontent\" style=\"clear:both\";><\/div><\/p>\n<p><em>\u201cConfidiamo<\/em> \u2013 hanno aggiunto Orlando e Merlino \u2013 <em>che a breve si giunger\u00e0 a una soluzione definitiva, in grado di assicurare certezze alle imprese e agli apprendisti, promuovendo una formazione accessibile, moderna e allineata agli accordi nazionali\u201d.<\/em> CNA Sicilia ha infine ribadito la propria collaborazione con l\u2019Amministrazione regionale per supportare le aziende con strumenti formativi efficaci, a vantaggio dell\u2019occupazione giovanile e della competitivit\u00e0 del tessuto produttivo siciliano.<\/p>\n<p>-Foto ufficio stampa Cna Sicilia-<br \/>\n(ITALPRESS).<\/p>\n<\/div>\n","protected":false},"excerpt":{"rendered":"<p>PALERMO (ITALPRESS) \u2013 \u201cEsprimiamo vivo apprezzamento per l\u2019apertura e la disponibilit\u00e0 dimostrate dalla Regione Siciliana nel confronto sulla formazione asincrona nei percorsi di Apprendistato professionalizzante. Questo dialogo costruttivo rappresenta un passo importante verso norme chiare e moderne per le imprese e i giovani\u201d. Cos\u00ec Giuseppe Orlando, Vicepresidente di CNA Sicilia, e Maurizio Merlino, dirigente regionale [&hellip;]<\/p>\n","protected":false},"author":18,"featured_media":249446,"comment_status":"closed","ping_status":"closed","sticky":false,"template":"","format":"standard","meta":{"ub_ctt_via":"","_mi_skip_tracking":false},"categories":[2449],"tags":[783],"featured_image_src":"https:\/\/www.messinaoggi.it\/website\/wp-content\/uploads\/2025\/09\/20250110_0977-1.jpg","author_info":{"display_name":"Admin","author_link":"https:\/\/www.messinaoggi.it\/website\/author\/admin\/"},"digistream_id":0,"digistream":false,"_links":{"self":[{"href":"https:\/\/www.messinaoggi.it\/website\/wp-json\/wp\/v2\/posts\/249445"}],"collection":[{"href":"https:\/\/www.messinaoggi.it\/website\/wp-json\/wp\/v2\/posts"}],"about":[{"href":"https:\/\/www.messinaoggi.it\/website\/wp-json\/wp\/v2\/types\/post"}],"author":[{"embeddable":true,"href":"https:\/\/www.messinaoggi.it\/website\/wp-json\/wp\/v2\/users\/18"}],"replies":[{"embeddable":true,"href":"https:\/\/www.messinaoggi.it\/website\/wp-json\/wp\/v2\/comments?post=249445"}],"version-history":[{"count":0,"href":"https:\/\/www.messinaoggi.it\/website\/wp-json\/wp\/v2\/posts\/249445\/revisions"}],"wp:featuredmedia":[{"embeddable":true,"href":"https:\/\/www.messinaoggi.it\/website\/wp-json\/wp\/v2\/media\/249446"}],"wp:attachment":[{"href":"https:\/\/www.messinaoggi.it\/website\/wp-json\/wp\/v2\/media?parent=249445"}],"wp:term":[{"taxonomy":"category","embeddable":true,"href":"https:\/\/www.messinaoggi.it\/website\/wp-json\/wp\/v2\/categories?post=249445"},{"taxonomy":"post_tag","embeddable":true,"href":"https:\/\/www.messinaoggi.it\/website\/wp-json\/wp\/v2\/tags?post=249445"}],"curies":[{"name":"wp","href":"https:\/\/api.w.org\/{rel}","templated":true}]}}