{"id":249387,"date":"2025-09-05T10:44:26","date_gmt":"2025-09-05T08:44:26","guid":{"rendered":"http:\/\/www.messinaoggi.it\/website\/?p=249387"},"modified":"2025-09-05T10:44:29","modified_gmt":"2025-09-05T08:44:29","slug":"illuminare-artisticamente-lo-storico-ponte-ferroviario-di-camaro-geraci-m5s-finalmente-ci-siamo","status":"publish","type":"post","link":"https:\/\/www.messinaoggi.it\/website\/2025\/09\/05\/illuminare-artisticamente-lo-storico-ponte-ferroviario-di-camaro-geraci-m5s-finalmente-ci-siamo\/","title":{"rendered":"Illuminare artisticamente lo storico ponte ferroviario di Camaro, Geraci (M5S): \u201cFinalmente ci siamo\u201d"},"content":{"rendered":"\n<p>Il consigliere della III Municipalit\u00e0 Alessandro Geraci, gi\u00e0 proponente della delibera n. 63 del 9 Luglio 2019 approvata dal Consiglio della Terza Municipalit\u00e0, ha riproposto pi\u00f9 volte l\u2019idea all&#8217;amministrazione Basile, che ieri ha acquisito formalmente l\u2019area sottostante oggetto di risanamento.<div id=\"div-gpt-ad-Messinaoggi.it-DSK-300x250-corpoart\" style=\"text-align:center;margin:0 auto;\"><\/div><\/p>\n\n\n\n<p>\u201cSi tratta dello storico ponte ferroviario, &#8211; spiega Geraci &#8211; lungo ben 290 metri, costruito nel 1866 per collegare Messina con Palermo, dismesso poi nel 2001, ubicato nella vallata di Camaro, in cui ieri \u00e8 avvenuto il passaggio delle aree sbaraccate, dalla struttura commissariale regionale per il risanamento, al comune di Messina&#8221;.<div id=\"videoincontent\" style=\"clear:both\";><\/div><\/p>\n\n\n\n<figure class=\"wp-block-image size-large\"><img loading=\"lazy\" width=\"1024\" height=\"1024\" src=\"http:\/\/www.messinaoggi.it\/website\/wp-content\/uploads\/2025\/09\/IMG-20241107-WA0009-1-1024x1024.jpg\" alt=\"\" class=\"wp-image-249392\" srcset=\"https:\/\/www.messinaoggi.it\/website\/wp-content\/uploads\/2025\/09\/IMG-20241107-WA0009-1-1024x1024.jpg 1024w, https:\/\/www.messinaoggi.it\/website\/wp-content\/uploads\/2025\/09\/IMG-20241107-WA0009-1-300x300.jpg 300w, https:\/\/www.messinaoggi.it\/website\/wp-content\/uploads\/2025\/09\/IMG-20241107-WA0009-1-150x150.jpg 150w, https:\/\/www.messinaoggi.it\/website\/wp-content\/uploads\/2025\/09\/IMG-20241107-WA0009-1-768x768.jpg 768w, https:\/\/www.messinaoggi.it\/website\/wp-content\/uploads\/2025\/09\/IMG-20241107-WA0009-1.jpg 1440w\" sizes=\"(max-width: 1024px) 100vw, 1024px\" \/><\/figure>\n\n\n\n<p>&#8220;Proprio ieri durante l\u2019incontro &#8211; prosegue il Consigliere M5S &#8211; ho ricevuto l\u2019 OK da parte del Sindaco Federico Basile che sposa la mia proposta, affinch\u00e9 intorno allo storico Ponte venga collocata adeguata illuminazione artistica che ne valorizzi la bellezza architettonica e ne metta in risalto l\u2019imponente altezza, diventando un&#8217;attrazione sia per i messinesi che per i turisti&#8221;.<\/p>\n\n\n\n<p>La richiesta \u00e8 gi\u00e0 sul tavolo degli assessori Caminiti e Caruso, che lavoreranno per renderla realt\u00e0, affiancandola a quella gi\u00e0 in corso per il vicino Castel Gonzaga.<\/p>\n\n\n\n<p>L&#8217;illuminazione del ponte e quella del castello si uniranno per creare un&#8217;esperienza visiva suggestiva per i tanti cittadini che attraverseranno il viale della Marina Russa e quanti arriveranno nella citt\u00e0 dello Stretto uscendo allo svincolo di Messina Centro.<\/p>\n\n\n\n<figure class=\"wp-block-image size-large\"><img loading=\"lazy\" width=\"823\" height=\"1024\" src=\"http:\/\/www.messinaoggi.it\/website\/wp-content\/uploads\/2025\/09\/IMG-20250703-WA0024-823x1024.jpg\" alt=\"\" class=\"wp-image-249393\" srcset=\"https:\/\/www.messinaoggi.it\/website\/wp-content\/uploads\/2025\/09\/IMG-20250703-WA0024-823x1024.jpg 823w, https:\/\/www.messinaoggi.it\/website\/wp-content\/uploads\/2025\/09\/IMG-20250703-WA0024-241x300.jpg 241w, https:\/\/www.messinaoggi.it\/website\/wp-content\/uploads\/2025\/09\/IMG-20250703-WA0024-768x956.jpg 768w, https:\/\/www.messinaoggi.it\/website\/wp-content\/uploads\/2025\/09\/IMG-20250703-WA0024.jpg 1080w\" sizes=\"(max-width: 823px) 100vw, 823px\" \/><figcaption>Alessandro Geraci <\/figcaption><\/figure>\n","protected":false},"excerpt":{"rendered":"<p>Il consigliere della III Municipalit\u00e0 Alessandro Geraci, gi\u00e0 proponente della delibera n. 63 del 9 Luglio 2019 approvata dal Consiglio della Terza Municipalit\u00e0, ha riproposto pi\u00f9 volte l\u2019idea all&#8217;amministrazione Basile, che ieri ha acquisito formalmente l\u2019area sottostante oggetto di risanamento. \u201cSi tratta dello storico ponte ferroviario, &#8211; spiega Geraci &#8211; lungo ben 290 metri, costruito [&hellip;]<\/p>\n","protected":false},"author":15,"featured_media":249391,"comment_status":"open","ping_status":"open","sticky":false,"template":"","format":"standard","meta":{"ub_ctt_via":"","_mi_skip_tracking":false},"categories":[4,6],"tags":[1689,497,877,6532,10771],"featured_image_src":"https:\/\/www.messinaoggi.it\/website\/wp-content\/uploads\/2025\/09\/IMG-20241107-WA0009-e1757061671659.jpg","author_info":{"display_name":"red.me","author_link":"https:\/\/www.messinaoggi.it\/website\/author\/red-me\/"},"digistream_id":0,"digistream":false,"_links":{"self":[{"href":"https:\/\/www.messinaoggi.it\/website\/wp-json\/wp\/v2\/posts\/249387"}],"collection":[{"href":"https:\/\/www.messinaoggi.it\/website\/wp-json\/wp\/v2\/posts"}],"about":[{"href":"https:\/\/www.messinaoggi.it\/website\/wp-json\/wp\/v2\/types\/post"}],"author":[{"embeddable":true,"href":"https:\/\/www.messinaoggi.it\/website\/wp-json\/wp\/v2\/users\/15"}],"replies":[{"embeddable":true,"href":"https:\/\/www.messinaoggi.it\/website\/wp-json\/wp\/v2\/comments?post=249387"}],"version-history":[{"count":4,"href":"https:\/\/www.messinaoggi.it\/website\/wp-json\/wp\/v2\/posts\/249387\/revisions"}],"predecessor-version":[{"id":249394,"href":"https:\/\/www.messinaoggi.it\/website\/wp-json\/wp\/v2\/posts\/249387\/revisions\/249394"}],"wp:featuredmedia":[{"embeddable":true,"href":"https:\/\/www.messinaoggi.it\/website\/wp-json\/wp\/v2\/media\/249391"}],"wp:attachment":[{"href":"https:\/\/www.messinaoggi.it\/website\/wp-json\/wp\/v2\/media?parent=249387"}],"wp:term":[{"taxonomy":"category","embeddable":true,"href":"https:\/\/www.messinaoggi.it\/website\/wp-json\/wp\/v2\/categories?post=249387"},{"taxonomy":"post_tag","embeddable":true,"href":"https:\/\/www.messinaoggi.it\/website\/wp-json\/wp\/v2\/tags?post=249387"}],"curies":[{"name":"wp","href":"https:\/\/api.w.org\/{rel}","templated":true}]}}