{"id":249369,"date":"2025-09-05T06:50:58","date_gmt":"2025-09-05T04:50:58","guid":{"rendered":"http:\/\/www.messinaoggi.it\/website\/?p=249369"},"modified":"2025-09-05T06:50:59","modified_gmt":"2025-09-05T04:50:59","slug":"%f0%9d%90%88%f0%9d%90%a5-%f0%9d%90%8f%f0%9d%90%a8%f0%9d%90%a7%f0%9d%90%ad%f0%9d%90%9e-%f0%9d%90%ac%f0%9d%90%ae%f0%9d%90%a5%f0%9d%90%a5%f0%9d%90%a8-%f0%9d%90%92%f0%9d%90%ad%f0%9d%90%ab%f0%9d%90%9e","status":"publish","type":"post","link":"https:\/\/www.messinaoggi.it\/website\/2025\/09\/05\/%f0%9d%90%88%f0%9d%90%a5-%f0%9d%90%8f%f0%9d%90%a8%f0%9d%90%a7%f0%9d%90%ad%f0%9d%90%9e-%f0%9d%90%ac%f0%9d%90%ae%f0%9d%90%a5%f0%9d%90%a5%f0%9d%90%a8-%f0%9d%90%92%f0%9d%90%ad%f0%9d%90%ab%f0%9d%90%9e\/","title":{"rendered":"\ud835\udc08\ud835\udc25 \ud835\udc0f\ud835\udc28\ud835\udc27\ud835\udc2d\ud835\udc1e \ud835\udc2c\ud835\udc2e\ud835\udc25\ud835\udc25\ud835\udc28 \ud835\udc12\ud835\udc2d\ud835\udc2b\ud835\udc1e\ud835\udc2d\ud835\udc2d\ud835\udc28: \ud835\udc14\ud835\udc27 \ud835\udc05\ud835\udc2e\ud835\udc2d\ud835\udc2e\ud835\udc2b\ud835\udc28 \ud835\udc02\ud835\udc28\ud835\udc27\ud835\udc1c\ud835\udc2b\ud835\udc1e\ud835\udc2d\ud835\udc28 \ud835\udc29\ud835\udc1e\ud835\udc2b \ud835\udc25&#8217;\ud835\udc08\ud835\udc2d\ud835\udc1a\ud835\udc25\ud835\udc22\ud835\udc1a!"},"content":{"rendered":"\n<figure class=\"wp-block-image size-large\"><img loading=\"lazy\" width=\"902\" height=\"353\" src=\"https:\/\/www.messinaoggi.it\/website\/wp-content\/uploads\/2025\/09\/Sottotitolo-8.png\" alt=\"\" class=\"wp-image-249374\" srcset=\"https:\/\/www.messinaoggi.it\/website\/wp-content\/uploads\/2025\/09\/Sottotitolo-8.png 902w, https:\/\/www.messinaoggi.it\/website\/wp-content\/uploads\/2025\/09\/Sottotitolo-8-300x117.png 300w, https:\/\/www.messinaoggi.it\/website\/wp-content\/uploads\/2025\/09\/Sottotitolo-8-768x301.png 768w\" sizes=\"(max-width: 902px) 100vw, 902px\" \/><\/figure>\n\n\n\n<p>Il momento \u00e8 arrivato: <strong>il Ponte sullo Stretto di Messina<\/strong> non \u00e8 pi\u00f9 solo un&#8217;idea, ma una visione tangibile che <strong>sta per diventare realt\u00e0!<\/strong> Questo progetto monumentale rappresenta la chiave di volta per lo sviluppo infrastrutturale e la crescita economica del nostro Paese, un&#8217;opera di cui l&#8217;Italia ha disperatamente bisogn<div id=\"div-gpt-ad-Messinaoggi.it-DSK-300x250-corpoart\" style=\"text-align:center;margin:0 auto;\"><\/div><\/p>\n\n\n\n<p>Finalmente, si chiude una ferita geografica e si unisce ci\u00f2 che la natura ha diviso. Il Ponte sar\u00e0 il simbolo dell&#8217;ingegno italiano, una meraviglia ingegneristica che proietter\u00e0 l&#8217;Italia nel futuro, <strong>eliminando l&#8217;isolamento della Sicilia e della Calabria<\/strong> e creando un collegamento strategico di vitale importanza.<div id=\"videoincontent\" style=\"clear:both\";><\/div><\/p>\n\n\n\n<p><img loading=\"lazy\" height=\"16\" width=\"16\" alt=\"\ud83d\udd34\" src=\"https:\/\/static.xx.fbcdn.net\/images\/emoji.php\/v9\/t6e\/1\/16\/1f534.png\">\u00a0<strong>Immaginate i benefici<\/strong>:<\/p>\n\n\n\n<p><img loading=\"lazy\" height=\"16\" width=\"16\" alt=\"\ud83d\ude80\" src=\"https:\/\/static.xx.fbcdn.net\/images\/emoji.php\/v9\/tc6\/1\/16\/1f680.png\"> \ud835\udc12\ud835\udc2f\ud835\udc22\ud835\udc25\ud835\udc2e\ud835\udc29\ud835\udc29\ud835\udc28 \ud835\udc04\ud835\udc1c\ud835\udc28\ud835\udc27\ud835\udc28\ud835\udc26\ud835\udc22\ud835\udc1c\ud835\udc28: Migliaia di nuovi posti di lavoro diretti e indiretti, un impulso senza precedenti per l&#8217;industria, il commercio e la logistica.<\/p>\n\n\n\n<p><img loading=\"lazy\" height=\"16\" width=\"16\" alt=\"\ud83d\udcc8\" src=\"https:\/\/static.xx.fbcdn.net\/images\/emoji.php\/v9\/t1\/1\/16\/1f4c8.png\"> \ud835\udc13\ud835\udc2e\ud835\udc2b\ud835\udc22\ud835\udc2c\ud835\udc26\ud835\udc28 \ud835\udc0f\ud835\udc28\ud835\udc2d\ud835\udc1e\ud835\udc27\ud835\udc33\ud835\udc22\ud835\udc1a\ud835\udc2d\ud835\udc28: Un accesso facilitato per milioni di turisti che scopriranno le meraviglie di Sicilia e Calabria, con un incremento significativo delle presenze e delle entrate.<\/p>\n\n\n\n<p><img loading=\"lazy\" height=\"16\" width=\"16\" alt=\"\u23f1\ufe0f\" src=\"https:\/\/static.xx.fbcdn.net\/images\/emoji.php\/v9\/tb5\/1\/16\/23f1.png\"> \ud835\udc13\ud835\udc1e\ud835\udc26\ud835\udc29\ud835\udc22 \ud835\udc11\ud835\udc22\ud835\udc1d\ud835\udc28\ud835\udc2d\ud835\udc2d\ud835\udc22: Fine degli imbottigliamenti e delle attese estenuanti. Spostamenti rapidi ed efficienti per persone e merci, con un risparmio di tempo e risorse inestimabile.<\/p>\n\n\n\n<p><img loading=\"lazy\" height=\"16\" width=\"16\" alt=\"\ud83d\udc9a\" src=\"https:\/\/static.xx.fbcdn.net\/images\/emoji.php\/v9\/t94\/1\/16\/1f49a.png\"> \ud835\udc12\ud835\udc28\ud835\udc2c\ud835\udc2d\ud835\udc1e\ud835\udc27\ud835\udc22\ud835\udc1b\ud835\udc22\ud835\udc25\ud835\udc22\ud835\udc2d\ud835\udc1a\u0300: Una moderna infrastruttura pensata anche per ridurre l&#8217;impatto ambientale, integrandosi con il territorio e migliorando la qualit\u00e0 della vita.<\/p>\n\n\n\n<p><img loading=\"lazy\" height=\"16\" width=\"16\" alt=\"\ud83d\udfe2\" src=\"https:\/\/static.xx.fbcdn.net\/images\/emoji.php\/v9\/tfc\/1\/16\/1f7e2.png\">\u00a0<strong>Il Ponte sullo Stretto \u00e8 un investimento nel futuro dell&#8217;Italia<\/strong>, un&#8217;opportunit\u00e0 irripetibile per trasformare il Sud in un vero motore economico e per rafforzare la posizione dell&#8217;Italia nel Mediterraneo. \u00c8 ora di guardare avanti con coraggio e determinazione!<\/p>\n\n\n\n<p><img loading=\"lazy\" height=\"16\" width=\"16\" alt=\"\ud83c\uddee\ud83c\uddf9\" src=\"https:\/\/static.xx.fbcdn.net\/images\/emoji.php\/v9\/tb9\/1\/16\/1f1ee_1f1f9.png\">\u00a0Diamo forza a questo sogno che diventa realt\u00e0! <strong>Il Ponte \u00e8 progresso, \u00e8 unione, \u00e8 il futuro!<\/strong>\u00a0<img loading=\"lazy\" height=\"16\" width=\"16\" alt=\"\ud83c\uddee\ud83c\uddf9\" src=\"https:\/\/static.xx.fbcdn.net\/images\/emoji.php\/v9\/tb9\/1\/16\/1f1ee_1f1f9.png\"><\/p>\n\n\n\n<p class=\"has-text-align-center\"><strong>Articoli precedenti di Ponte Live<\/strong><\/p>\n\n\n\n<p>1. <a href=\"http:\/\/www.messinaoggi.it\/website\/2025\/06\/28\/ecco-come-potrebbe-essere-la-nuova-stazione-messina-ponte\/\">Ecco come potrebbe essere la nuova stazione Messina Ponte<\/a> (28\/06\/25)<br>2. <a href=\"http:\/\/www.messinaoggi.it\/website\/2025\/07\/05\/ponte-lesproprio-per-pubblica-utilita-una-scelta-difficile-ma-necessaria-per-il-bene-comune\/\">Ponte. L\u2019esproprio per pubblica utilit\u00e0: una scelta difficile ma necessaria per il bene comune<\/a> (05\/07\/25)<br>3. <a href=\"http:\/\/www.messinaoggi.it\/website\/2025\/07\/14\/una-pista-ciclabile-sul-ponte-sullo-stretto-di-messina\/\">Una pista ciclabile sul Ponte sullo Stretto di Messina<\/a> (14\/07\/25)<br>4. <a href=\"http:\/\/www.messinaoggi.it\/website\/2025\/07\/18\/la-stazione-di-messina-ponte-sara-a-gazzi\/\">La stazione di Messina Ponte sar\u00e0 a Gazzi?<\/a> (18\/07\/25)<br>5. <a href=\"http:\/\/www.messinaoggi.it\/website\/2025\/07\/26\/pubblicate-laltro-ieri-sul-sito-del-mase-le-324-tavole-del-progetto-del-collegamento-ferroviario-del-ponte\/\">Pubblicate sul sito del MASE le 324 tavole del progetto del collegamento (1ferroviario del Ponte<\/a> (26\/07\/25) <\/p>\n\n\n\n<p>6. <a href=\"https:\/\/www.messinaoggi.it\/website\/2025\/08\/05\/salvini-domani-6-agosto-alle-19-al-grecale-a-messina-coincidenza-con-lapprovazione-del-cipess-avvenuta-alle-1230\/\">Salvini domani 6 agosto alle 19 al Grecale a Messina, coincidenza con l\u2019approvazione del cipess avvenuta alle 12:30<\/a> (05\/08\/25)<\/p>\n\n\n\n<p>7. <a href=\"https:\/\/www.messinaoggi.it\/website\/2025\/08\/11\/fallimento-totale-la-manifestazione-delle-feluche-no-ponte\/\">FALLIMENTO TOTALE LA MANIFESTAZIONE DELLE FELUCHE NO PONTE<\/a> (05\/09\/25)<\/p>\n","protected":false},"excerpt":{"rendered":"<p>Il momento \u00e8 arrivato: il Ponte sullo Stretto di Messina non \u00e8 pi\u00f9 solo un&#8217;idea, ma una visione tangibile che sta per diventare realt\u00e0! Questo progetto monumentale rappresenta la chiave di volta per lo sviluppo infrastrutturale e la crescita economica del nostro Paese, un&#8217;opera di cui l&#8217;Italia ha disperatamente bisogn Finalmente, si chiude una ferita [&hellip;]<\/p>\n","protected":false},"author":123458,"featured_media":249371,"comment_status":"open","ping_status":"open","sticky":false,"template":"","format":"standard","meta":{"ub_ctt_via":"","_mi_skip_tracking":false},"categories":[19,7567],"tags":[10588,11454,5449,7298],"featured_image_src":"https:\/\/www.messinaoggi.it\/website\/wp-content\/uploads\/2025\/09\/Il-ponte-del-futuro.jpg","author_info":{"display_name":"Giuseppe Palamara","author_link":"https:\/\/www.messinaoggi.it\/website\/author\/gipal\/"},"digistream_id":0,"digistream":false,"_links":{"self":[{"href":"https:\/\/www.messinaoggi.it\/website\/wp-json\/wp\/v2\/posts\/249369"}],"collection":[{"href":"https:\/\/www.messinaoggi.it\/website\/wp-json\/wp\/v2\/posts"}],"about":[{"href":"https:\/\/www.messinaoggi.it\/website\/wp-json\/wp\/v2\/types\/post"}],"author":[{"embeddable":true,"href":"https:\/\/www.messinaoggi.it\/website\/wp-json\/wp\/v2\/users\/123458"}],"replies":[{"embeddable":true,"href":"https:\/\/www.messinaoggi.it\/website\/wp-json\/wp\/v2\/comments?post=249369"}],"version-history":[{"count":4,"href":"https:\/\/www.messinaoggi.it\/website\/wp-json\/wp\/v2\/posts\/249369\/revisions"}],"predecessor-version":[{"id":249376,"href":"https:\/\/www.messinaoggi.it\/website\/wp-json\/wp\/v2\/posts\/249369\/revisions\/249376"}],"wp:featuredmedia":[{"embeddable":true,"href":"https:\/\/www.messinaoggi.it\/website\/wp-json\/wp\/v2\/media\/249371"}],"wp:attachment":[{"href":"https:\/\/www.messinaoggi.it\/website\/wp-json\/wp\/v2\/media?parent=249369"}],"wp:term":[{"taxonomy":"category","embeddable":true,"href":"https:\/\/www.messinaoggi.it\/website\/wp-json\/wp\/v2\/categories?post=249369"},{"taxonomy":"post_tag","embeddable":true,"href":"https:\/\/www.messinaoggi.it\/website\/wp-json\/wp\/v2\/tags?post=249369"}],"curies":[{"name":"wp","href":"https:\/\/api.w.org\/{rel}","templated":true}]}}