{"id":249352,"date":"2025-09-04T18:05:35","date_gmt":"2025-09-04T16:05:35","guid":{"rendered":"https:\/\/www.messinaoggi.it\/website\/2025\/09\/04\/nkunku-al-milan-per-vincere-trofei-sono-pronto-odogu-club-top\/"},"modified":"2025-09-04T18:05:35","modified_gmt":"2025-09-04T16:05:35","slug":"nkunku-al-milan-per-vincere-trofei-sono-pronto-odogu-club-top","status":"publish","type":"post","link":"https:\/\/www.messinaoggi.it\/website\/2025\/09\/04\/nkunku-al-milan-per-vincere-trofei-sono-pronto-odogu-club-top\/","title":{"rendered":"Nkunku \u201cAl Milan per vincere trofei, sono pronto\u201d, Odogu \u201cClub top\u201d"},"content":{"rendered":"<div>MILANO (ITALPRESS) &#8211; <em>&#8220;La prima volta che ho saputo che sarei venuto qui non c&#8217;ho pensato troppo. Ero felice di ascoltare il progetto e tutto \u00e8 stato perfetto per far s\u00ec che io arrivassi&#8221;.<\/em> Cos\u00ec <strong>Christopher Nkunku, attaccante del Milan<\/strong> e della nazionale francese, nel corso della sua conferenza stampa di presentazione. <em>&#8220;Mi piace giocare come trequartista, poi dipende dal modulo<\/em> &#8211; ha aggiunto Nkunku -.<em> La decisione spetta al mister. Non vedo l&#8217;ora di iniziare e di adattarmi ai miei compagni di squadra. Mi sento bene, ho iniziato a lavorare con il gruppo&#8221;<\/em>.<div id=\"div-gpt-ad-Messinaoggi.it-DSK-300x250-corpoart\" style=\"text-align:center;margin:0 auto;\"><\/div><\/p>\n<p>Sull&#8217;esperienza al Chelsea: <em>&#8220;Quando sono arrivato tutto era perfetto, poi mi sono fatto male e sono rimasto fuori 5 mesi. Dopo un infortunio cos\u00ec lungo ho avuto una ricaduta, l&#8217;anno scorso &#8211; poi &#8211; stavo bene ma ho avuto poco spazio. E&#8217; stata una decisione del mister&#8221;<\/em>. Il classe 1997 sar\u00e0 agevolato nell&#8217;inserimento in gruppo dai suoi connazionali:<em> &#8220;Il fatto che ci siano tanti francesi in squadra che conoscevo gi\u00e0 prima mi aiuter\u00e0 nell&#8217;ambientamento. Per me \u00e8 importante sia dentro che fuori dal campo. Voglio adattarmi in fretta al campionato&#8221;.<\/em><div id=\"videoincontent\" style=\"clear:both\";><\/div><\/p>\n<p>Poi sui compagni di reparto: <em>&#8220;Penso che abbiamo un&#8217;ottima rosa con attaccanti forti &#8211;<\/em> ha sottolineato Nkunku -. <em>Credo che tutti dobbiamo mettere le nostre qualit\u00e0 a disposizione della squadra. Io posso adattarmi, cercher\u00f2 di dare il mio meglio&#8221;.<\/em><\/p>\n<p>Per lui anche primi giorni con <strong>Allegri<\/strong>: <em>&#8220;Il mister mi ha fatto un&#8217;ottima impressione, ho parlato con lui prima di firmare. Voglio allenarmi con i nuovi compagni e conoscere questo nuovo ambiente&#8221;.<\/em> Anche sugli idoli da bambino, l&#8217;ex Chelsea ha le idee chiare: <em>&#8220;Mi piacevano Ronaldinho e Kak\u00e0. Ho parlato con Thiago della societ\u00e0 e ha avuto belle parole per la societ\u00e0. Si sa che il Milan \u00e8 la migliore squadra in Italia&#8221;<\/em>. Nkunku era stato accostato anche all&#8217;<strong>Inter<\/strong>: <em>&#8220;Non ho mai parlato con nessuno di loro. Quando il procuratore mi ha parlato del Milan non ci ho pensato due volte. Voglio avere un grande futuro qui. Derby? Ne ho gi\u00e0 parlato con i compagni, mi hanno detto che \u00e8 &#8216;la partit\u00e0. Intanto, io sono concentrato su ogni partita. Voglio vincere delle gare e dei trofei, migliorarmi in ogni allenamento. Questa \u00e8 la mia mentalit\u00e0&#8221;.<\/em><\/p>\n<p>Insieme all&#8217;attaccnate francese \u00e8 stato presentato il <strong>giovane difensore tedesco David Odogu<\/strong>: &#8220;<em>I primi giorni sono andati molto bene: sono stato accolto bene da squadra e mister. Sono giovane, ma so le mie qualit\u00e0. Voglio migliorarmi e imparare da tutti cercando di farmi trovare pronto quando l&#8217;allenatore mi chiamer\u00e0. Sono un difensore centrale, amo i duelli difensivi, quelli aerei, sono molto aggressivo e voglio vincere tutti gli 1 contro uno per difendere la porta&#8221;.<\/em><\/p>\n<p>Tra i suoi idoli c&#8217;\u00e8 <strong>Maldini<\/strong>: &#8220;<em>Il pi\u00f9 forte di sempre, ma ci sono tante leggende Gullit, Baresi, Nesta o un tedesco&#8230; come Boateng. Ma il primo ricordo, ovviamente, \u00e8 quello di Maldini&#8221;.<\/em> Infine, sulla trattativa che lo ha portato in rossonero:<em> &#8220;E&#8217; stato un trasferimento all&#8217;ultimo, anche per me \u00e8 stata una sorpresa. Quando l&#8217;ho saputo ero felicissimo. Sono contento che si sia trovato l&#8217;accordo e sono entusiasta di essere qui. Sono felice che la societ\u00e0 abbia creduto nelle mie qualit\u00e0, voglio ripagare la fiducia seguendo il mister. Paragone con Rudiger? Spero di diventare un leader come lui e giocare con la sua stessa intensit\u00e0. Ha una mentalit\u00e0 incredibile&#8221;.<\/em><br \/>\n&#8211; Foto: Ipa Agency &#8211;<br \/>\n(ITALPRESS).<\/div>\n","protected":false},"excerpt":{"rendered":"<p>MILANO (ITALPRESS) &#8211; &#8220;La prima volta che ho saputo che sarei venuto qui non c&#8217;ho pensato troppo. Ero felice di ascoltare il progetto e tutto \u00e8 stato perfetto per far s\u00ec che io arrivassi&#8221;. Cos\u00ec Christopher Nkunku, attaccante del Milan e della nazionale francese, nel corso della sua conferenza stampa di presentazione. &#8220;Mi piace giocare [&hellip;]<\/p>\n","protected":false},"author":18,"featured_media":249353,"comment_status":"closed","ping_status":"closed","sticky":false,"template":"","format":"standard","meta":{"ub_ctt_via":"","_mi_skip_tracking":false},"categories":[446],"tags":[783],"featured_image_src":"https:\/\/www.messinaoggi.it\/website\/wp-content\/uploads\/2025\/09\/20250904_1888.jpg","author_info":{"display_name":"Admin","author_link":"https:\/\/www.messinaoggi.it\/website\/author\/admin\/"},"digistream_id":0,"digistream":false,"_links":{"self":[{"href":"https:\/\/www.messinaoggi.it\/website\/wp-json\/wp\/v2\/posts\/249352"}],"collection":[{"href":"https:\/\/www.messinaoggi.it\/website\/wp-json\/wp\/v2\/posts"}],"about":[{"href":"https:\/\/www.messinaoggi.it\/website\/wp-json\/wp\/v2\/types\/post"}],"author":[{"embeddable":true,"href":"https:\/\/www.messinaoggi.it\/website\/wp-json\/wp\/v2\/users\/18"}],"replies":[{"embeddable":true,"href":"https:\/\/www.messinaoggi.it\/website\/wp-json\/wp\/v2\/comments?post=249352"}],"version-history":[{"count":0,"href":"https:\/\/www.messinaoggi.it\/website\/wp-json\/wp\/v2\/posts\/249352\/revisions"}],"wp:featuredmedia":[{"embeddable":true,"href":"https:\/\/www.messinaoggi.it\/website\/wp-json\/wp\/v2\/media\/249353"}],"wp:attachment":[{"href":"https:\/\/www.messinaoggi.it\/website\/wp-json\/wp\/v2\/media?parent=249352"}],"wp:term":[{"taxonomy":"category","embeddable":true,"href":"https:\/\/www.messinaoggi.it\/website\/wp-json\/wp\/v2\/categories?post=249352"},{"taxonomy":"post_tag","embeddable":true,"href":"https:\/\/www.messinaoggi.it\/website\/wp-json\/wp\/v2\/tags?post=249352"}],"curies":[{"name":"wp","href":"https:\/\/api.w.org\/{rel}","templated":true}]}}