{"id":249350,"date":"2025-09-04T18:05:32","date_gmt":"2025-09-04T16:05:32","guid":{"rendered":"https:\/\/www.messinaoggi.it\/website\/2025\/09\/04\/f1-a-monza-continua-la-partnership-tra-velo-e-mclaren\/"},"modified":"2025-09-04T18:05:32","modified_gmt":"2025-09-04T16:05:32","slug":"f1-a-monza-continua-la-partnership-tra-velo-e-mclaren","status":"publish","type":"post","link":"https:\/\/www.messinaoggi.it\/website\/2025\/09\/04\/f1-a-monza-continua-la-partnership-tra-velo-e-mclaren\/","title":{"rendered":"F1, a Monza continua la partnership tra Velo e McLaren"},"content":{"rendered":"<div>MILANO (ITALPRESS) &#8211; Dopo aver consolidato la propria presenza nel mondo della Formula 1, Velo &#8211; brand di BAT Italia per la produzione di sacchetti di nicotina senza tabacco &#8211; prosegue la sua corsa al fianco del McLaren Formula 1 Team, una delle scuderie pi\u00f9 prestigiose del motorsport internazionale.<br \/>In occasione del Gran Premio d&#8217;Italia 2025, in programma domenica 7 settembre sullo storico circuito di Monza, il logo Velo sar\u00e0 nuovamente visibile sulla livrea delle monoposto McLaren. <br \/>A supporto della sponsorship, Velo attiver\u00e0 una serie di iniziative pensate per coinvolgere il pubblico e accendere l&#8217;entusiasmo dei fan. Tra queste, la partecipazione al Monza FuoriGP, l&#8217;evento cittadino che dal 4 al 7 settembre porter\u00e0 l&#8217;energia della Formula 1 nel cuore della citt\u00e0. Velo sar\u00e0 presente con due corner esperienziali in Piazza Trento e Trieste e Piazza Cambiaghi, dove i consumatori di nicotina potranno vivere l&#8217;adrenalina della pista grazie ai simulatori di guida McLaren Formula 1 Team di ultima generazione. Un&#8217;occasione per mettersi alla prova affrontando virtualmente le curve pi\u00f9 celebri del circuito brianzolo.<br \/>I corner Velo &#8211; aperti da venerd\u00ec 5 a domenica 7 settembre e riservati ai consumatori di nicotina &#8211; includeranno anche un&#8217;area dedicata alla scoperta del prodotto, per approfondire l&#8217;universo Velo e le sue caratteristiche distintive. <br \/>&#8220;Siamo orgogliosi di continuare la partnership con il McLaren Formula 1 Team &#8211; simbolo di eccellenza e innovazione, valori che condividiamo pienamente &#8211; ha detto Antonino Grosso, Italy Head of Consumer Experience di BAT Italia -. Velo \u00e8 uno dei nostri prodotti pi\u00f9 avanzati nella categoria &#8216;modern oral&#8217; ed \u00e8 leader di mercato in Italia e in Europa. Dal 2025, \u00e8 ufficialmente Made in Italy, interamente prodotto presso l&#8217;Innovation Hub di BAT a Trieste. Questo traguardo rafforza ulteriormente l&#8217;impegno di BAT verso l&#8217;Italia e risponde alla crescente domanda di alternative a ridotto rischio nel Paese&#8221;. <div id=\"div-gpt-ad-Messinaoggi.it-DSK-300x250-corpoart\" style=\"text-align:center;margin:0 auto;\"><\/div><\/p>\n<p>&#8211; news in collaborazione con BAT Italia &#8211;<br \/>&#8211; foto ufficio stampa BAT Italia &#8211;<br \/>(ITALPRESS).<\/div>\n<div id=\"videoincontent\" style=\"clear:both\";><\/div>","protected":false},"excerpt":{"rendered":"<p>MILANO (ITALPRESS) &#8211; Dopo aver consolidato la propria presenza nel mondo della Formula 1, Velo &#8211; brand di BAT Italia per la produzione di sacchetti di nicotina senza tabacco &#8211; prosegue la sua corsa al fianco del McLaren Formula 1 Team, una delle scuderie pi\u00f9 prestigiose del motorsport internazionale.In occasione del Gran Premio d&#8217;Italia 2025, [&hellip;]<\/p>\n","protected":false},"author":18,"featured_media":249351,"comment_status":"closed","ping_status":"closed","sticky":false,"template":"","format":"standard","meta":{"ub_ctt_via":"","_mi_skip_tracking":false},"categories":[446],"tags":[783],"featured_image_src":"https:\/\/www.messinaoggi.it\/website\/wp-content\/uploads\/2025\/09\/20250904_1804.jpg","author_info":{"display_name":"Admin","author_link":"https:\/\/www.messinaoggi.it\/website\/author\/admin\/"},"digistream_id":0,"digistream":false,"_links":{"self":[{"href":"https:\/\/www.messinaoggi.it\/website\/wp-json\/wp\/v2\/posts\/249350"}],"collection":[{"href":"https:\/\/www.messinaoggi.it\/website\/wp-json\/wp\/v2\/posts"}],"about":[{"href":"https:\/\/www.messinaoggi.it\/website\/wp-json\/wp\/v2\/types\/post"}],"author":[{"embeddable":true,"href":"https:\/\/www.messinaoggi.it\/website\/wp-json\/wp\/v2\/users\/18"}],"replies":[{"embeddable":true,"href":"https:\/\/www.messinaoggi.it\/website\/wp-json\/wp\/v2\/comments?post=249350"}],"version-history":[{"count":0,"href":"https:\/\/www.messinaoggi.it\/website\/wp-json\/wp\/v2\/posts\/249350\/revisions"}],"wp:featuredmedia":[{"embeddable":true,"href":"https:\/\/www.messinaoggi.it\/website\/wp-json\/wp\/v2\/media\/249351"}],"wp:attachment":[{"href":"https:\/\/www.messinaoggi.it\/website\/wp-json\/wp\/v2\/media?parent=249350"}],"wp:term":[{"taxonomy":"category","embeddable":true,"href":"https:\/\/www.messinaoggi.it\/website\/wp-json\/wp\/v2\/categories?post=249350"},{"taxonomy":"post_tag","embeddable":true,"href":"https:\/\/www.messinaoggi.it\/website\/wp-json\/wp\/v2\/tags?post=249350"}],"curies":[{"name":"wp","href":"https:\/\/api.w.org\/{rel}","templated":true}]}}