{"id":249348,"date":"2025-09-04T16:05:33","date_gmt":"2025-09-04T14:05:33","guid":{"rendered":"https:\/\/www.messinaoggi.it\/website\/2025\/09\/04\/e-morto-giorgio-armani\/"},"modified":"2025-09-04T16:05:33","modified_gmt":"2025-09-04T14:05:33","slug":"e-morto-giorgio-armani","status":"publish","type":"post","link":"https:\/\/www.messinaoggi.it\/website\/2025\/09\/04\/e-morto-giorgio-armani\/","title":{"rendered":"E\u2019 morto Giorgio Armani"},"content":{"rendered":"<div>ROMA (ITALPRESS) &#8211; E&#8217; morto, all&#8217;et\u00e0 di 91 anni, Giorgio Armani,<br \/>stilista e imprenditore italiano fondatore dell&#8217;azienda omonima,<br \/>uno dei marchi pi\u00f9 importanti al mondo nel campo della moda. Nato a Piacenza, parte dal gradino pi\u00f9 basso, come tanti suoi coetanei, il giovane Giorgio: commesso alla Rinascente di Milano. Ma non passa inosservato e Nino Cerruti lo chiama a disegnare la moda del marchio Hitman. Da quel momento non smette pi\u00f9 di creare moda: nel 1974 nasce la linea di abbigliamento in pelle Armani by Sicons e l&#8217;anno dopo, insieme all&#8217;allora compagno di vita Sergio Galeotti, fonda l&#8217;azienda che porta il suo nome e porta la sua produzione e il suo stile in tutto il mondo. E, naturalmente, la sua eleganza nell&#8217;abbigliamento e negli accessori. Tra i suoi must ricordiamo la giacca destrutturata e il tailleur, entrambi rivisitati con grande successo e di color beige, grigio e, soprattutto, il suo blu-Armani. A ispirarlo sono il cinema in bianco e nero, le atmosfere dell&#8217;America degli anni &#8217;30 e &#8217;40 ma anche la cultura orientale e araba (vedi i colletti alla coreana) e l&#8217;estremo Oriente. Accanto agli abiti e agli accessori non mancano gli occhiali e i profumi (come i celebri Acqua di Gi\u00f2 e Armani Jeans) e le sue boutique sono in tutto il mondo. Neanche il cinema e lo sport hanno fatto a meno del suo stile. Sul grande schermo abbiamo visto i suoi costumi di scena indossati da Richard Gere (&#8220;American Gigol\u00f2&#8221;), Christian Bale (&#8220;Il cavaliere oscuro&#8221;), Michael Fassbender e Pen\u00e8lope Cruz (&#8220;The Counselor&#8221;), Leonardo Di Caprio (&#8220;The Wolf of Wall Street&#8221;), Jessica Chastain (&#8220;1981: Indagine a New York&#8221;).  Intensa anche la sua attivit\u00e0 nel mondo dello sport, un mondo che lui ama al punto di avergli dedicato una linea: l&#8217;EA7 Emporio Armani. Quella, per intenderci, indossata dal Napoli campione d&#8217;Italia 2023 e l&#8217;Olimpia Milano di basket, di cui \u00e8 patron dal 2008 e con cui ha vinto ben 5 dei 30 scudetti della storia della squadra.  Ancora nel mondo del calcio, Armani ha disegnato la divisa sociale del Piacenza Football Club 1919, della squadra inglese del Chelsea e della Nazionale di calcio inglese.<br \/>-foto Ipa Agency &#8211;<br \/>(ITALPRESS).<\/div>\n<div id=\"div-gpt-ad-Messinaoggi.it-DSK-300x250-corpoart\" style=\"text-align:center;margin:0 auto;\"><\/div><\/p><div id=\"videoincontent\" style=\"clear:both\";><\/div>","protected":false},"excerpt":{"rendered":"<p>ROMA (ITALPRESS) &#8211; E&#8217; morto, all&#8217;et\u00e0 di 91 anni, Giorgio Armani,stilista e imprenditore italiano fondatore dell&#8217;azienda omonima,uno dei marchi pi\u00f9 importanti al mondo nel campo della moda. Nato a Piacenza, parte dal gradino pi\u00f9 basso, come tanti suoi coetanei, il giovane Giorgio: commesso alla Rinascente di Milano. Ma non passa inosservato e Nino Cerruti lo [&hellip;]<\/p>\n","protected":false},"author":18,"featured_media":249349,"comment_status":"closed","ping_status":"closed","sticky":false,"template":"","format":"standard","meta":{"ub_ctt_via":"","_mi_skip_tracking":false},"categories":[446],"tags":[783],"featured_image_src":"https:\/\/www.messinaoggi.it\/website\/wp-content\/uploads\/2025\/09\/20250904_1580.jpg","author_info":{"display_name":"Admin","author_link":"https:\/\/www.messinaoggi.it\/website\/author\/admin\/"},"digistream_id":0,"digistream":false,"_links":{"self":[{"href":"https:\/\/www.messinaoggi.it\/website\/wp-json\/wp\/v2\/posts\/249348"}],"collection":[{"href":"https:\/\/www.messinaoggi.it\/website\/wp-json\/wp\/v2\/posts"}],"about":[{"href":"https:\/\/www.messinaoggi.it\/website\/wp-json\/wp\/v2\/types\/post"}],"author":[{"embeddable":true,"href":"https:\/\/www.messinaoggi.it\/website\/wp-json\/wp\/v2\/users\/18"}],"replies":[{"embeddable":true,"href":"https:\/\/www.messinaoggi.it\/website\/wp-json\/wp\/v2\/comments?post=249348"}],"version-history":[{"count":0,"href":"https:\/\/www.messinaoggi.it\/website\/wp-json\/wp\/v2\/posts\/249348\/revisions"}],"wp:featuredmedia":[{"embeddable":true,"href":"https:\/\/www.messinaoggi.it\/website\/wp-json\/wp\/v2\/media\/249349"}],"wp:attachment":[{"href":"https:\/\/www.messinaoggi.it\/website\/wp-json\/wp\/v2\/media?parent=249348"}],"wp:term":[{"taxonomy":"category","embeddable":true,"href":"https:\/\/www.messinaoggi.it\/website\/wp-json\/wp\/v2\/categories?post=249348"},{"taxonomy":"post_tag","embeddable":true,"href":"https:\/\/www.messinaoggi.it\/website\/wp-json\/wp\/v2\/tags?post=249348"}],"curies":[{"name":"wp","href":"https:\/\/api.w.org\/{rel}","templated":true}]}}