{"id":249289,"date":"2025-09-03T18:30:31","date_gmt":"2025-09-03T16:30:31","guid":{"rendered":"https:\/\/www.messinaoggi.it\/website\/2025\/09\/03\/gaza-rinviata-al-7-settembre-la-partenza-della-flottiglia-dai-porti-siciliani\/"},"modified":"2025-09-03T18:30:31","modified_gmt":"2025-09-03T16:30:31","slug":"gaza-rinviata-al-7-settembre-la-partenza-della-flottiglia-dai-porti-siciliani","status":"publish","type":"post","link":"https:\/\/www.messinaoggi.it\/website\/2025\/09\/03\/gaza-rinviata-al-7-settembre-la-partenza-della-flottiglia-dai-porti-siciliani\/","title":{"rendered":"Gaza, rinviata al 7 settembre la partenza della flottiglia dai porti siciliani"},"content":{"rendered":"<div>\n<p>CATANIA (ITALPRESS) \u2013 <strong>La partenza dai porti siciliani della flottiglia diretta a Gaza \u00e8 stata rinviata al 7 settembre.<\/strong> Lo ha reso noto il movimento Global Movement to Gaza Italia, che coordina l\u2019iniziativa nazionale in collegamento con la Global Sumud Flotilla. La decisione, spiegano gli organizzatori, si \u00e8 resa necessaria <em>\u201cper garantire la migliore organizzazione possibile e muoverci in piena sinergia con le altre imbarcazioni gi\u00e0 salpate dalla Spagna\u201d.<\/em> La flottiglia internazionale, composta da diverse barche a vela e navi di appoggio, \u00e8 partita due giorni fa da porti iberici con un lieve ritardo causato dal maltempo che ha interessato il Mediterraneo occidentale.<div id=\"div-gpt-ad-Messinaoggi.it-DSK-300x250-corpoart\" style=\"text-align:center;margin:0 auto;\"><\/div><\/p>\n<p><strong><em>\u201cLa priorit\u00e0 resta la sicurezza<\/em><\/strong> \u2013 hanno sottolineato i promotori italiani -: <em>insieme siamo pi\u00f9 forti e pi\u00f9 protetti\u201d.<\/em> L\u2019annuncio arriva a ridosso della mobilitazione nazionale prevista per domani, 4 settembre. Cortei, pres\u00ecdi e flash mob si terranno in decine di piazze italiane, dal Nord al Sud, con appuntamenti gi\u00e0 annunciati a Roma, Milano, Napoli, Catania e Palermo. Gli organizzatori invitano a seguire le stories e i post social del movimento per conoscere nel dettaglio gli eventi territoriali.<div id=\"videoincontent\" style=\"clear:both\";><\/div><\/p>\n<p><em> \u201cSi tratta<\/em> \u2013 hanno spiegato ancora dal coordinamento \u2013 <em>di un calendario diffuso di iniziative che accompagneranno le giornate fino al 7 settembre, data di partenza dalle coste siciliane. Ogni citt\u00e0 avr\u00e0 il suo momento di visibilit\u00e0 e testimonianza\u201d.<\/em> Sul piano della sicurezza, gli organizzatori ribadiscono di avere contatti costanti con le autorit\u00e0 marittime e portuali.<\/p>\n<p><em>\u201cOgni fase<\/em> \u2013 fanno sapere \u2013 <em>viene seguita con attenzione, in piena legalit\u00e0 e nel rispetto delle normative vigenti\u201d.<\/em> L\u2019iniziativa, spiegano ancora dal movimento, ha lo scopo di <em>\u201crompere simbolicamente e concretamente l\u2019assedio imposto a Gaza\u201d<\/em>, portando un messaggio di solidariet\u00e0 internazionale e di attenzione umanitaria. A bordo delle imbarcazioni sono previsti beni di prima necessit\u00e0, materiali sanitari e testimonianze raccolte da attivisti provenienti da diversi Paesi europei. Dal 4 al 7 settembre il movimento lancia sui propri canali social una campagna di aggiornamento quotidiano per seguire passo dopo passo sia le iniziative di piazza sia gli sviluppi della traversata.<\/p>\n<p><em> \u201cLa vostra presenza \u00e8 la nostra forza<\/em> \u2013 si legge nella nota diffusa nel pomeriggio -. N<em>on mancate\u201d. Il rinvio della partenza al 7 settembre, concludono gli organizzatori, non rallenta la mobilitazione ma anzi la rafforza: \u201cAbbiamo qualche giorno in pi\u00f9 per crescere e per presentarci uniti. \u00c8 un\u2019occasione che intendiamo sfruttare fino in fondo\u201d.<\/em> Su Catania, nella giornata di oggi, mare mosso e vento da Nord Est con una velocit\u00e0 massima raggiunta di 19 chilometri orari.<\/p>\n<p>\u2013 Foto IPA Agency \u2013<\/p>\n<p>(ITALPRESS).<\/p>\n<\/div>\n","protected":false},"excerpt":{"rendered":"<p>CATANIA (ITALPRESS) \u2013 La partenza dai porti siciliani della flottiglia diretta a Gaza \u00e8 stata rinviata al 7 settembre. Lo ha reso noto il movimento Global Movement to Gaza Italia, che coordina l\u2019iniziativa nazionale in collegamento con la Global Sumud Flotilla. La decisione, spiegano gli organizzatori, si \u00e8 resa necessaria \u201cper garantire la migliore organizzazione [&hellip;]<\/p>\n","protected":false},"author":18,"featured_media":249290,"comment_status":"closed","ping_status":"closed","sticky":false,"template":"","format":"standard","meta":{"ub_ctt_via":"","_mi_skip_tracking":false},"categories":[2449],"tags":[783],"featured_image_src":"https:\/\/www.messinaoggi.it\/website\/wp-content\/uploads\/2025\/09\/Flottiglia-Gaza.jpg","author_info":{"display_name":"Admin","author_link":"https:\/\/www.messinaoggi.it\/website\/author\/admin\/"},"digistream_id":0,"digistream":false,"_links":{"self":[{"href":"https:\/\/www.messinaoggi.it\/website\/wp-json\/wp\/v2\/posts\/249289"}],"collection":[{"href":"https:\/\/www.messinaoggi.it\/website\/wp-json\/wp\/v2\/posts"}],"about":[{"href":"https:\/\/www.messinaoggi.it\/website\/wp-json\/wp\/v2\/types\/post"}],"author":[{"embeddable":true,"href":"https:\/\/www.messinaoggi.it\/website\/wp-json\/wp\/v2\/users\/18"}],"replies":[{"embeddable":true,"href":"https:\/\/www.messinaoggi.it\/website\/wp-json\/wp\/v2\/comments?post=249289"}],"version-history":[{"count":0,"href":"https:\/\/www.messinaoggi.it\/website\/wp-json\/wp\/v2\/posts\/249289\/revisions"}],"wp:featuredmedia":[{"embeddable":true,"href":"https:\/\/www.messinaoggi.it\/website\/wp-json\/wp\/v2\/media\/249290"}],"wp:attachment":[{"href":"https:\/\/www.messinaoggi.it\/website\/wp-json\/wp\/v2\/media?parent=249289"}],"wp:term":[{"taxonomy":"category","embeddable":true,"href":"https:\/\/www.messinaoggi.it\/website\/wp-json\/wp\/v2\/categories?post=249289"},{"taxonomy":"post_tag","embeddable":true,"href":"https:\/\/www.messinaoggi.it\/website\/wp-json\/wp\/v2\/tags?post=249289"}],"curies":[{"name":"wp","href":"https:\/\/api.w.org\/{rel}","templated":true}]}}