{"id":249265,"date":"2025-09-03T11:07:34","date_gmt":"2025-09-03T09:07:34","guid":{"rendered":"http:\/\/www.messinaoggi.it\/website\/?p=249265"},"modified":"2025-09-03T11:08:03","modified_gmt":"2025-09-03T09:08:03","slug":"seus-118-galluzzo-fdi-riorganizzazione-abbia-sempre-al-centro-la-seus-gli-operatori","status":"publish","type":"post","link":"https:\/\/www.messinaoggi.it\/website\/2025\/09\/03\/seus-118-galluzzo-fdi-riorganizzazione-abbia-sempre-al-centro-la-seus-gli-operatori\/","title":{"rendered":"Seus 118, Galluzzo (FdI): \u00abRiorganizzazione abbia sempre al centro la Seus e gli operatori\u00bb"},"content":{"rendered":"\n<p><strong>Pino Galluzzo<\/strong>, deputato regionale di <strong>Fratelli d&#8217;Italia<\/strong> e componente della Commissione Sanit\u00e0 dell&#8217;Ars, riguardo alla questione riorganizzazione di Seus 118, afferma:<div id=\"div-gpt-ad-Messinaoggi.it-DSK-300x250-corpoart\" style=\"text-align:center;margin:0 auto;\"><\/div><\/p>\n\n\n\n<p>\u00abUltimamente si registra una crescente attenzione nei confronti del servizio di emergenza-urgenza 118 siciliano. \u00c8 legittimo chiedersi perch\u00e9, proprio adesso, questo tema sia tornato al centro del dibattito. A scanso di equivoci, ribadisco: non permetteremo mai che i lavoratori del 118 vengano riportati indietro nel tempo, quando erano sfruttati e privi dei giusti riconoscimenti contrattuali\u00bb.<div id=\"videoincontent\" style=\"clear:both\";><\/div><\/p>\n\n\n\n<p>Galluzzo aggiunge e conclude: <\/p>\n\n\n\n<p>\u00abSulla necessit\u00e0 di migliorare ulteriormente il sistema non c\u2019\u00e8 alcun dubbio, tuttavia ogni percorso di riforma dovr\u00e0 partire dalla realt\u00e0 attuale della SEUS e soprattutto valorizzare le donne e gli uomini che da anni, con grande professionalit\u00e0 e sacrificio, garantiscono ogni giorno il servizio di emergenza-urgenza 118 in Sicilia. Qualsiasi ipotesi che non tenga conto di questo principio sar\u00e0 contrastata con determinazione\u00bb.<\/p>\n","protected":false},"excerpt":{"rendered":"<p>Pino Galluzzo, deputato regionale di Fratelli d&#8217;Italia e componente della Commissione Sanit\u00e0 dell&#8217;Ars, riguardo alla questione riorganizzazione di Seus 118, afferma: \u00abUltimamente si registra una crescente attenzione nei confronti del servizio di emergenza-urgenza 118 siciliano. \u00c8 legittimo chiedersi perch\u00e9, proprio adesso, questo tema sia tornato al centro del dibattito. A scanso di equivoci, ribadisco: non [&hellip;]<\/p>\n","protected":false},"author":15,"featured_media":247159,"comment_status":"open","ping_status":"open","sticky":false,"template":"","format":"standard","meta":{"ub_ctt_via":"","_mi_skip_tracking":false},"categories":[4,6,11],"tags":[39,1526,851,11657,7050],"featured_image_src":"https:\/\/www.messinaoggi.it\/website\/wp-content\/uploads\/2025\/08\/Ambulanza-1-e1754145959574.jpg","author_info":{"display_name":"red.me","author_link":"https:\/\/www.messinaoggi.it\/website\/author\/red-me\/"},"digistream_id":0,"digistream":false,"_links":{"self":[{"href":"https:\/\/www.messinaoggi.it\/website\/wp-json\/wp\/v2\/posts\/249265"}],"collection":[{"href":"https:\/\/www.messinaoggi.it\/website\/wp-json\/wp\/v2\/posts"}],"about":[{"href":"https:\/\/www.messinaoggi.it\/website\/wp-json\/wp\/v2\/types\/post"}],"author":[{"embeddable":true,"href":"https:\/\/www.messinaoggi.it\/website\/wp-json\/wp\/v2\/users\/15"}],"replies":[{"embeddable":true,"href":"https:\/\/www.messinaoggi.it\/website\/wp-json\/wp\/v2\/comments?post=249265"}],"version-history":[{"count":4,"href":"https:\/\/www.messinaoggi.it\/website\/wp-json\/wp\/v2\/posts\/249265\/revisions"}],"predecessor-version":[{"id":249269,"href":"https:\/\/www.messinaoggi.it\/website\/wp-json\/wp\/v2\/posts\/249265\/revisions\/249269"}],"wp:featuredmedia":[{"embeddable":true,"href":"https:\/\/www.messinaoggi.it\/website\/wp-json\/wp\/v2\/media\/247159"}],"wp:attachment":[{"href":"https:\/\/www.messinaoggi.it\/website\/wp-json\/wp\/v2\/media?parent=249265"}],"wp:term":[{"taxonomy":"category","embeddable":true,"href":"https:\/\/www.messinaoggi.it\/website\/wp-json\/wp\/v2\/categories?post=249265"},{"taxonomy":"post_tag","embeddable":true,"href":"https:\/\/www.messinaoggi.it\/website\/wp-json\/wp\/v2\/tags?post=249265"}],"curies":[{"name":"wp","href":"https:\/\/api.w.org\/{rel}","templated":true}]}}