{"id":249257,"date":"2025-09-03T10:49:38","date_gmt":"2025-09-03T08:49:38","guid":{"rendered":"http:\/\/www.messinaoggi.it\/website\/?p=249257"},"modified":"2025-09-03T10:51:44","modified_gmt":"2025-09-03T08:51:44","slug":"atm-la-fauci-ora-sicilia-carro-attrezzi-ridotti-da-8-a-2-comune-costretto-a-chiamare-privati","status":"publish","type":"post","link":"https:\/\/www.messinaoggi.it\/website\/2025\/09\/03\/atm-la-fauci-ora-sicilia-carro-attrezzi-ridotti-da-8-a-2-comune-costretto-a-chiamare-privati\/","title":{"rendered":"ATM, La Fauci (Ora Sicilia): \u201cCarro attrezzi ridotti da 8 a 2, Comune costretto a chiamare privati\u201d"},"content":{"rendered":"\n<p>Si accende il dibattito sulla gestione del <strong>servizio carro attrezzi di ATM<\/strong>. A intervenire \u00e8 <strong>Giandomenico La Fauci<\/strong>, vicepresidente supplente del Consiglio comunale e capogruppo di <strong>Ora Sicilia<\/strong>, che annuncia il deposito di una interrogazione urgente.<div id=\"div-gpt-ad-Messinaoggi.it-DSK-300x250-corpoart\" style=\"text-align:center;margin:0 auto;\"><\/div><\/p>\n\n\n\n<p>\u00abDal 2 settembre l\u2019azienda ha deciso di spostare 6 operatori dal servizio rimozione forzata al trasporto pubblico, riducendo cos\u00ec la dotazione dei carro attrezzi da 8 a sole 2 unit\u00e0. La conseguenza? Il Comune \u00e8 costretto a chiamare carro attrezzi privati con costi evidentemente maggiori\u00bb, dichiara La Fauci.<div id=\"videoincontent\" style=\"clear:both\";><\/div><\/p>\n\n\n\n<p>Secondo il consigliere si tratta di una scelta illogica: \u00ab\u00c8 una decisione che non ha senso: da un lato si riducono i dipendenti interni per risparmiare, dall\u2019altro si spende di pi\u00f9 affidando il servizio all\u2019esterno. Come dice un vecchio proverbio, si tira la porta da un lato per aprirla dall\u2019altro\u00bb.<\/p>\n\n\n\n<p>La vicenda era gi\u00e0 stata sollevata dalla Uil Trasporti, che in una nota del 2 settembre ha evidenziato le criticit\u00e0 legate alla riduzione del servizio. \u00abIl servizio carro attrezzi passa da 8 a 2 unit\u00e0 operative proprio quando sarebbe necessario garantire standard efficienti per il controllo del traffico cittadino\u00bb, sottolinea La Fauci, richiamando la posizione del sindacato.<\/p>\n\n\n\n<p>Al centro della polemica anche la mancata proroga di 19 contratti interinali scaduti il 31 agosto: \u00abNonostante il fabbisogno fosse prevedibile, ATM non ha prorogato i contratti. Una mancanza di programmazione che ora si scarica sui conti del Comune e sulla qualit\u00e0 del servizio ai cittadini\u00bb.<\/p>\n\n\n\n<p>Nell\u2019interrogazione, La Fauci chieder\u00e0 chiarimenti su tre punti: <\/p>\n\n\n\n<ul><li>i costi effettivi sostenuti dal Comune per il ricorso ai privati, <\/li><li>le motivazioni della mancata proroga degli interinali,<\/li><li>la valutazione economica a supporto della decisione. <\/li><\/ul>\n\n\n\n<p>\u00abVoglio anche sapere se ATM ha comunicato preventivamente al Comune questa riduzione del servizio e quali autorizzazioni ha ricevuto\u00bb.<\/p>\n\n\n\n<p>Il consigliere avverte anche sul rischio di non raggiungere l\u2019obiettivo annuale: \u00abC\u2019\u00e8 il rischio concreto che non si raggiunga il target di 600 rimozioni previsto dall\u2019accordo aziendale, con conseguenti perdite economiche sia per ATM che per il Comune. Ma soprattutto si sta snaturando un servizio pubblico essenziale, aprendo spazi operativi ai privati quando si potrebbero utilizzare le risorse interne\u00bb.<\/p>\n\n\n\n<p>Per La Fauci serve una strategia a lungo termine: \u00ab\u00c8 necessario un piano strutturale per la gestione del personale ATM che eviti questi continui ricorsi a soluzioni emergenziali. I servizi pubblici richiedono programmazione seria, non gestione dell\u2019ultimo minuto che alla fine costa di pi\u00f9 e funziona peggio. L\u2019amministrazione deve vigilare sul rispetto dei contratti di servizio e pretendere da ATM una gestione pi\u00f9 razionale delle risorse pubbliche\u00bb.<\/p>\n","protected":false},"excerpt":{"rendered":"<p>Si accende il dibattito sulla gestione del servizio carro attrezzi di ATM. A intervenire \u00e8 Giandomenico La Fauci, vicepresidente supplente del Consiglio comunale e capogruppo di Ora Sicilia, che annuncia il deposito di una interrogazione urgente. \u00abDal 2 settembre l\u2019azienda ha deciso di spostare 6 operatori dal servizio rimozione forzata al trasporto pubblico, riducendo cos\u00ec [&hellip;]<\/p>\n","protected":false},"author":15,"featured_media":23132,"comment_status":"open","ping_status":"open","sticky":false,"template":"","format":"standard","meta":{"ub_ctt_via":"","_mi_skip_tracking":false},"categories":[4,6],"tags":[2092,3078,3367,4167],"featured_image_src":"https:\/\/www.messinaoggi.it\/website\/wp-content\/uploads\/2018\/08\/Giandomenico-La-Fauci-1.jpg","author_info":{"display_name":"red.me","author_link":"https:\/\/www.messinaoggi.it\/website\/author\/red-me\/"},"digistream_id":0,"digistream":false,"_links":{"self":[{"href":"https:\/\/www.messinaoggi.it\/website\/wp-json\/wp\/v2\/posts\/249257"}],"collection":[{"href":"https:\/\/www.messinaoggi.it\/website\/wp-json\/wp\/v2\/posts"}],"about":[{"href":"https:\/\/www.messinaoggi.it\/website\/wp-json\/wp\/v2\/types\/post"}],"author":[{"embeddable":true,"href":"https:\/\/www.messinaoggi.it\/website\/wp-json\/wp\/v2\/users\/15"}],"replies":[{"embeddable":true,"href":"https:\/\/www.messinaoggi.it\/website\/wp-json\/wp\/v2\/comments?post=249257"}],"version-history":[{"count":5,"href":"https:\/\/www.messinaoggi.it\/website\/wp-json\/wp\/v2\/posts\/249257\/revisions"}],"predecessor-version":[{"id":249262,"href":"https:\/\/www.messinaoggi.it\/website\/wp-json\/wp\/v2\/posts\/249257\/revisions\/249262"}],"wp:featuredmedia":[{"embeddable":true,"href":"https:\/\/www.messinaoggi.it\/website\/wp-json\/wp\/v2\/media\/23132"}],"wp:attachment":[{"href":"https:\/\/www.messinaoggi.it\/website\/wp-json\/wp\/v2\/media?parent=249257"}],"wp:term":[{"taxonomy":"category","embeddable":true,"href":"https:\/\/www.messinaoggi.it\/website\/wp-json\/wp\/v2\/categories?post=249257"},{"taxonomy":"post_tag","embeddable":true,"href":"https:\/\/www.messinaoggi.it\/website\/wp-json\/wp\/v2\/tags?post=249257"}],"curies":[{"name":"wp","href":"https:\/\/api.w.org\/{rel}","templated":true}]}}