{"id":249253,"date":"2025-09-03T10:30:42","date_gmt":"2025-09-03T08:30:42","guid":{"rendered":"https:\/\/www.messinaoggi.it\/website\/2025\/09\/03\/43-anni-fa-lomicidio-del-generale-dalla-chiesa-schifani-la-sua-lezione-vive-nella-sicilia-di-oggi\/"},"modified":"2025-09-03T10:36:56","modified_gmt":"2025-09-03T08:36:56","slug":"43-anni-fa-lomicidio-del-generale-dalla-chiesa-schifani-la-sua-lezione-vive-nella-sicilia-di-oggi","status":"publish","type":"post","link":"https:\/\/www.messinaoggi.it\/website\/2025\/09\/03\/43-anni-fa-lomicidio-del-generale-dalla-chiesa-schifani-la-sua-lezione-vive-nella-sicilia-di-oggi\/","title":{"rendered":"43 anni fa l\u2019omicidio del generale Dalla Chiesa, Schifani: \u201cLa sua lezione vive nella Sicilia di oggi\u201d"},"content":{"rendered":"<div>\n<p>PALERMO (ITALPRESS) \u2013 <strong>Ricorre oggi il 43esimo anniversario dell\u2019omicidio del Prefetto di Palermo, generale Carlo Alberto Dalla Chiesa, della moglie Emanuela Setti Carraro e dell\u2019agente di scorta Domenico Russo<\/strong>, avvenuto la sera del <strong>3 settembre 1982 in via Isidoro Carini<\/strong>, nel capoluogo siciliano. La strage mafiosa, attuata da Cosa nostra, rappresenta un momento cruciale nella lotta alla criminalit\u00e0 organizzata. Commemorazioni con momenti di riflessione e iniziative istituzionali non solo a Palermo.<div id=\"div-gpt-ad-Messinaoggi.it-DSK-300x250-corpoart\" style=\"text-align:center;margin:0 auto;\"><\/div><\/p>\n<p>\u201c<em>Nel giorno in cui ricordiamo il sacrificio del prefetto Carlo Alberto Dalla Chiesa, assassinato dalla mafia il 3 settembre 1982 insieme alla moglie Emanuela Setti Carraro e all\u2019agente di scorta Domenico Russo, la Sicilia si stringe attorno alla memoria di un uomo che resta un faro di legalit\u00e0 per le generazioni presenti e future. Dalla Chiesa \u00e8 per noi motivo di commozione e di profonda gratitudine: in un contesto difficile come quello siciliano, lott\u00f2 senza tregua contro la criminalit\u00e0 organizzata, pagando con la vita il suo altissimo senso di fedelt\u00e0 allo Stato. A 43 anni dalla morte, la sua figura continua a costituire un esempio prezioso, capace di scuotere la coscienza civica di ogni cittadino e rappresentante delle istituzioni\u201d.<\/em> Cos\u00ec il <strong>presidente della Regione Siciliana, Renato Schifani.<\/strong> Alla cerimonia di questa mattina a Palermo, il presidente ha delegato in rappresentanza del governo regionale l\u2019<strong>assessore ai Beni culturali Francesco Scarpinato;<\/strong> erano inoltre presenti il gonfalone della Regione e una corona d\u2019alloro \u00e8 stata deposta in memoria delle vittime.<div id=\"videoincontent\" style=\"clear:both\";><\/div><\/p>\n<p>-Foto d\u2019archivio IPA Agency-<br \/>\n(ITALPRESS).<\/p>\n<\/div>\n","protected":false},"excerpt":{"rendered":"<p>PALERMO (ITALPRESS) \u2013 Ricorre oggi il 43esimo anniversario dell\u2019omicidio del Prefetto di Palermo, generale Carlo Alberto Dalla Chiesa, della moglie Emanuela Setti Carraro e dell\u2019agente di scorta Domenico Russo, avvenuto la sera del 3 settembre 1982 in via Isidoro Carini, nel capoluogo siciliano. La strage mafiosa, attuata da Cosa nostra, rappresenta un momento cruciale nella [&hellip;]<\/p>\n","protected":false},"author":18,"featured_media":249254,"comment_status":"closed","ping_status":"closed","sticky":false,"template":"","format":"standard","meta":{"ub_ctt_via":"","_mi_skip_tracking":false},"categories":[6,2449],"tags":[783],"featured_image_src":"https:\/\/www.messinaoggi.it\/website\/wp-content\/uploads\/2025\/09\/DallaChiesa2.jpg","author_info":{"display_name":"Admin","author_link":"https:\/\/www.messinaoggi.it\/website\/author\/admin\/"},"digistream_id":0,"digistream":false,"_links":{"self":[{"href":"https:\/\/www.messinaoggi.it\/website\/wp-json\/wp\/v2\/posts\/249253"}],"collection":[{"href":"https:\/\/www.messinaoggi.it\/website\/wp-json\/wp\/v2\/posts"}],"about":[{"href":"https:\/\/www.messinaoggi.it\/website\/wp-json\/wp\/v2\/types\/post"}],"author":[{"embeddable":true,"href":"https:\/\/www.messinaoggi.it\/website\/wp-json\/wp\/v2\/users\/18"}],"replies":[{"embeddable":true,"href":"https:\/\/www.messinaoggi.it\/website\/wp-json\/wp\/v2\/comments?post=249253"}],"version-history":[{"count":1,"href":"https:\/\/www.messinaoggi.it\/website\/wp-json\/wp\/v2\/posts\/249253\/revisions"}],"predecessor-version":[{"id":249255,"href":"https:\/\/www.messinaoggi.it\/website\/wp-json\/wp\/v2\/posts\/249253\/revisions\/249255"}],"wp:featuredmedia":[{"embeddable":true,"href":"https:\/\/www.messinaoggi.it\/website\/wp-json\/wp\/v2\/media\/249254"}],"wp:attachment":[{"href":"https:\/\/www.messinaoggi.it\/website\/wp-json\/wp\/v2\/media?parent=249253"}],"wp:term":[{"taxonomy":"category","embeddable":true,"href":"https:\/\/www.messinaoggi.it\/website\/wp-json\/wp\/v2\/categories?post=249253"},{"taxonomy":"post_tag","embeddable":true,"href":"https:\/\/www.messinaoggi.it\/website\/wp-json\/wp\/v2\/tags?post=249253"}],"curies":[{"name":"wp","href":"https:\/\/api.w.org\/{rel}","templated":true}]}}