{"id":249251,"date":"2025-09-03T10:30:39","date_gmt":"2025-09-03T08:30:39","guid":{"rendered":"https:\/\/www.messinaoggi.it\/website\/2025\/09\/03\/mattarella-ricorda-dalla-chiesa-contro-mafia-fronte-comune-legalita\/"},"modified":"2025-09-03T10:37:21","modified_gmt":"2025-09-03T08:37:21","slug":"mattarella-ricorda-dalla-chiesa-contro-mafia-fronte-comune-legalita","status":"publish","type":"post","link":"https:\/\/www.messinaoggi.it\/website\/2025\/09\/03\/mattarella-ricorda-dalla-chiesa-contro-mafia-fronte-comune-legalita\/","title":{"rendered":"Mattarella ricorda Dalla Chiesa \u201cContro mafia fronte comune legalit\u00e0\u201d"},"content":{"rendered":"<div>\n<p>ROMA (ITALPRESS) \u2013 <em>\u201cIl 3 settembre 1982, nell\u2019attentato di via Isidoro Carini a Palermo, la mafia assassinava il Prefetto Carlo Alberto Dalla Chiesa e la moglie Emanuela Setti Carraro, ferendo gravemente l\u2019agente Domenico Russo, che mor\u00ec alcuni giorni dopo. <\/em><em>A quarantatr\u00e8 anni di distanza, la memoria di quel vile agguato \u00e8, per l\u2019intero Paese, un costante monito alla responsabilit\u00e0 e al comune impegno nella lotta alla mafia\u201d<\/em>. E\u2019 quanto afferma, in una nota, il <strong>presidente della Repubblica Sergio Mattarella.<br \/><\/strong><br \/><em>\u201cIl Generale Dalla Chiesa<\/em> \u2013 aggiunge \u2013<em> nei delicati incarichi ricoperti nel corso della sua lunga carriera, si spese con rigore contro il terrorismo e l\u2019illegalit\u00e0. Prefetto di Palermo, condusse, sino al sacrificio della vita, una coraggiosa battaglia contro l\u2019insidiosa presenza criminale nell\u2019isola, pur consapevole dell\u2019altissimo rischio cui si stava esponendo. <\/em><br \/><em>Al suo esempio di servizio alla Repubblica guardano donne e uomini della Magistratura, delle Forze dell\u2019ordine, delle Pubbliche Amministrazioni, che, nella fedelt\u00e0 al proprio dovere quotidiano, operano con passione per prevenire e contrastare le mire espansive delle diverse forme di criminalit\u00e0 organizzata. La pretesa delle consorterie malavitose di controllare con la prepotenza la vita dei territori, di condizionarne le scelte politico-amministrative, di orientare a fini illeciti le attivit\u00e0 economiche, trova un argine decisivo nella capacit\u00e0 delle istituzioni, delle realt\u00e0 associative, del mondo dell\u2019impresa e del lavoro, di tutti i cittadini, di fare fronte comune per rinsaldare legalit\u00e0 e democrazia. <\/em><br \/><em>Contro i germi dell\u2019acquiescenza alla violenza \u00e8 fondamentale operare per tenere viva la cultura del rispetto delle regole e dei diritti, diffondendola, in particolare, tra le giovani generazioni, con il contributo prezioso della scuola. Lo sforzo di tutti contro la mafia \u00e8 essenziale per un duraturo progresso umano, sociale, economico, per promuovere le potenzialit\u00e0 di sviluppo dei territori, per costruire una societ\u00e0 pi\u00f9 coesa e giusta. <\/em><br \/><em><strong>Alle famiglie Dalla Chiesa, Setti Carraro e Russo rinnovo i sentimenti di vicinanza e riconoscenza della Repubblica\u201d.<br \/><\/strong><\/em><br \/>\n-foto Ipa Agency-<br \/>\n(ITALPRESS).<div id=\"div-gpt-ad-Messinaoggi.it-DSK-300x250-corpoart\" style=\"text-align:center;margin:0 auto;\"><\/div><\/p>\n<\/div>\n<div id=\"videoincontent\" style=\"clear:both\";><\/div>","protected":false},"excerpt":{"rendered":"<p>ROMA (ITALPRESS) \u2013 \u201cIl 3 settembre 1982, nell\u2019attentato di via Isidoro Carini a Palermo, la mafia assassinava il Prefetto Carlo Alberto Dalla Chiesa e la moglie Emanuela Setti Carraro, ferendo gravemente l\u2019agente Domenico Russo, che mor\u00ec alcuni giorni dopo. A quarantatr\u00e8 anni di distanza, la memoria di quel vile agguato \u00e8, per l\u2019intero Paese, un [&hellip;]<\/p>\n","protected":false},"author":18,"featured_media":249252,"comment_status":"closed","ping_status":"closed","sticky":false,"template":"","format":"standard","meta":{"ub_ctt_via":"","_mi_skip_tracking":false},"categories":[6,2449],"tags":[783],"featured_image_src":"https:\/\/www.messinaoggi.it\/website\/wp-content\/uploads\/2025\/09\/20250903_0122.jpg","author_info":{"display_name":"Admin","author_link":"https:\/\/www.messinaoggi.it\/website\/author\/admin\/"},"digistream_id":0,"digistream":false,"_links":{"self":[{"href":"https:\/\/www.messinaoggi.it\/website\/wp-json\/wp\/v2\/posts\/249251"}],"collection":[{"href":"https:\/\/www.messinaoggi.it\/website\/wp-json\/wp\/v2\/posts"}],"about":[{"href":"https:\/\/www.messinaoggi.it\/website\/wp-json\/wp\/v2\/types\/post"}],"author":[{"embeddable":true,"href":"https:\/\/www.messinaoggi.it\/website\/wp-json\/wp\/v2\/users\/18"}],"replies":[{"embeddable":true,"href":"https:\/\/www.messinaoggi.it\/website\/wp-json\/wp\/v2\/comments?post=249251"}],"version-history":[{"count":1,"href":"https:\/\/www.messinaoggi.it\/website\/wp-json\/wp\/v2\/posts\/249251\/revisions"}],"predecessor-version":[{"id":249256,"href":"https:\/\/www.messinaoggi.it\/website\/wp-json\/wp\/v2\/posts\/249251\/revisions\/249256"}],"wp:featuredmedia":[{"embeddable":true,"href":"https:\/\/www.messinaoggi.it\/website\/wp-json\/wp\/v2\/media\/249252"}],"wp:attachment":[{"href":"https:\/\/www.messinaoggi.it\/website\/wp-json\/wp\/v2\/media?parent=249251"}],"wp:term":[{"taxonomy":"category","embeddable":true,"href":"https:\/\/www.messinaoggi.it\/website\/wp-json\/wp\/v2\/categories?post=249251"},{"taxonomy":"post_tag","embeddable":true,"href":"https:\/\/www.messinaoggi.it\/website\/wp-json\/wp\/v2\/tags?post=249251"}],"curies":[{"name":"wp","href":"https:\/\/api.w.org\/{rel}","templated":true}]}}