{"id":249238,"date":"2025-09-03T10:21:49","date_gmt":"2025-09-03T08:21:49","guid":{"rendered":"http:\/\/www.messinaoggi.it\/website\/?p=249238"},"modified":"2025-09-03T10:21:51","modified_gmt":"2025-09-03T08:21:51","slug":"torrente-cavatore-gioveni-ancora-sversamenti-di-liquami","status":"publish","type":"post","link":"https:\/\/www.messinaoggi.it\/website\/2025\/09\/03\/torrente-cavatore-gioveni-ancora-sversamenti-di-liquami\/","title":{"rendered":"Torrente Cavatore, Gioveni: &#8220;Ancora sversamenti di liquami&#8221;"},"content":{"rendered":"\n<p>Il consigliere comunale <strong>Libero Gioveni<\/strong>, capogruppo di Fratelli d&#8217;Italia, denuncia ancora una volta, sempre con video e foto alla mano, ci\u00f2 che si verifica sull&#8217;alveo del <strong>torrente Cavatore<\/strong>, presso <strong>Faro Superiore<\/strong>.<div id=\"div-gpt-ad-Messinaoggi.it-DSK-300x250-corpoart\" style=\"text-align:center;margin:0 auto;\"><\/div><\/p>\n\n\n\n<p>&#8220;Altri sversamenti di liquami fognari nei torrenti, ma stavolta quelli che si registrano nel torrente Cavatore di Faro Superiore fanno davvero stropicciare gli occhi!&#8221;<div id=\"videoincontent\" style=\"clear:both\";><\/div><\/p>\n\n\n\n<p>&#8220;Ho ricevuto via pec da un residente di un complesso adiacente al torrente questa segnalazione corredata da foto e video &#8211; dichiara Gioveni &#8211; e in indirizzo vi era anche il sindaco Basile&#8221;. <\/p>\n\n\n\n<p>&#8220;Sono rimasto esterrefatto dal racconto di questo cittadino &#8211; prosegue il consigliere &#8211; perch\u00e9 scrive che Amam era intervenuta a giugno ma ha lasciato incredibilmente il tubo libero di scaricare esternamente con i liquami che quindi si riversano incontrollati e in quantit\u00e0 sul torrente Cavatore&#8221;.<\/p>\n\n\n\n<p>&#8220;Possibile che possa accadere tutto questo? &#8211; si chiede indignato l&#8217;esponente di FdI. &#8211; Ci dobbiamo aspettare ancora una volta, anche di fronte a questa ennesima evidenza di inquinamento ambientale, l&#8217;insulsa replica da parte dell&#8217;assessore ai rapporti con Amam che sia tutto sotto controllo? Non credo sia pi\u00f9 accettabile n\u00e9 questa grave condizione ambientale n\u00e9 questo modus operandi da parte di Amam &#8211; conclude Gioveni &#8211; per cui credo che il sindaco, investito peraltro in prima persona quanto meno sul caso di specie, debba immediatamente intervenire per porre rimedio all&#8217;ennesimo inqualificabile episodio di mala gestio. Il consigliere comunale Capogruppo FdI Libero Gioveni <\/p>\n","protected":false},"excerpt":{"rendered":"<p>Il consigliere comunale Libero Gioveni, capogruppo di Fratelli d&#8217;Italia, denuncia ancora una volta, sempre con video e foto alla mano, ci\u00f2 che si verifica sull&#8217;alveo del torrente Cavatore, presso Faro Superiore. &#8220;Altri sversamenti di liquami fognari nei torrenti, ma stavolta quelli che si registrano nel torrente Cavatore di Faro Superiore fanno davvero stropicciare gli occhi!&#8221; [&hellip;]<\/p>\n","protected":false},"author":15,"featured_media":249242,"comment_status":"open","ping_status":"open","sticky":false,"template":"","format":"standard","meta":{"ub_ctt_via":"","_mi_skip_tracking":false},"categories":[4,6],"tags":[3466,740,9931,10435,11656],"featured_image_src":"https:\/\/www.messinaoggi.it\/website\/wp-content\/uploads\/2025\/09\/1000765688-e1756887694150.jpg","author_info":{"display_name":"red.me","author_link":"https:\/\/www.messinaoggi.it\/website\/author\/red-me\/"},"digistream_id":0,"digistream":false,"_links":{"self":[{"href":"https:\/\/www.messinaoggi.it\/website\/wp-json\/wp\/v2\/posts\/249238"}],"collection":[{"href":"https:\/\/www.messinaoggi.it\/website\/wp-json\/wp\/v2\/posts"}],"about":[{"href":"https:\/\/www.messinaoggi.it\/website\/wp-json\/wp\/v2\/types\/post"}],"author":[{"embeddable":true,"href":"https:\/\/www.messinaoggi.it\/website\/wp-json\/wp\/v2\/users\/15"}],"replies":[{"embeddable":true,"href":"https:\/\/www.messinaoggi.it\/website\/wp-json\/wp\/v2\/comments?post=249238"}],"version-history":[{"count":4,"href":"https:\/\/www.messinaoggi.it\/website\/wp-json\/wp\/v2\/posts\/249238\/revisions"}],"predecessor-version":[{"id":249243,"href":"https:\/\/www.messinaoggi.it\/website\/wp-json\/wp\/v2\/posts\/249238\/revisions\/249243"}],"wp:featuredmedia":[{"embeddable":true,"href":"https:\/\/www.messinaoggi.it\/website\/wp-json\/wp\/v2\/media\/249242"}],"wp:attachment":[{"href":"https:\/\/www.messinaoggi.it\/website\/wp-json\/wp\/v2\/media?parent=249238"}],"wp:term":[{"taxonomy":"category","embeddable":true,"href":"https:\/\/www.messinaoggi.it\/website\/wp-json\/wp\/v2\/categories?post=249238"},{"taxonomy":"post_tag","embeddable":true,"href":"https:\/\/www.messinaoggi.it\/website\/wp-json\/wp\/v2\/tags?post=249238"}],"curies":[{"name":"wp","href":"https:\/\/api.w.org\/{rel}","templated":true}]}}