{"id":249222,"date":"2025-09-03T00:30:34","date_gmt":"2025-09-02T22:30:34","guid":{"rendered":"https:\/\/www.messinaoggi.it\/website\/2025\/09\/02\/il-comandante-della-legione-carabinieri-sicilia-in-visita-nellex-covo-di-toto-riina\/"},"modified":"2025-09-03T09:28:56","modified_gmt":"2025-09-03T07:28:56","slug":"il-comandante-della-legione-carabinieri-sicilia-in-visita-nellex-covo-di-toto-riina","status":"publish","type":"post","link":"https:\/\/www.messinaoggi.it\/website\/2025\/09\/03\/il-comandante-della-legione-carabinieri-sicilia-in-visita-nellex-covo-di-toto-riina\/","title":{"rendered":"Il comandante della Legione Carabinieri \u201cSicilia\u201d in visita nell\u2019ex covo di Tot\u00f2 Riina"},"content":{"rendered":"<div>\n<p>PALERMO (ITALPRESS) \u2013 Il <strong>Comandante della Legione Carabinieri <em>\u201cSicilia\u201d<\/em><\/strong><em>,<\/em> il <strong>Generale di Brigata Ubaldo Del Monaco,<\/strong> si \u00e8 recato in visita alla<strong> Stazione di Palermo<\/strong> \u2013 Uditore,<strong> ex covo del boss mafioso Tot\u00f2 Riina.<\/strong> E\u2019 quanto si legge in una nota.<div id=\"div-gpt-ad-Messinaoggi.it-DSK-300x250-corpoart\" style=\"text-align:center;margin:0 auto;\"><\/div><\/p>\n<p><em> \u201cLa scelta di effettuare la prima visita ai presidi cittadini, partendo dalla caserma di via Bernini \u00e8 tutt\u2019altro che casuale, infatti \u00e8 un gesto dal forte valore simbolico e dal profondo significato in un luogo che un tempo rappresentava l\u2019emblema del potere criminale ed oggi un faro di legalit\u00e0 e giustizia<\/em> \u2013 sottolinea la nota -.<em> L\u2019arrivo del Generale in quello che fu il rifugio del capo di Cosa Nostra \u00e8 un omaggio alla storia della lotta alla criminalit\u00e0 organizzata che ha visto i Carabinieri impegnati in prima linea e li vede tuttora protagonisti nella quotidianit\u00e0, nei territori loro affidati\u201d<\/em>.<div id=\"videoincontent\" style=\"clear:both\";><\/div><\/p>\n<p>Nel corso della sua visita, l\u2019Alto Ufficiale si \u00e8 detto <em>\u201cprofondamente emozionato nel trovarsi in un luogo storicamente cos\u00ec significativo\u201d,<\/em> sottolineando \u201c<em>l\u2019importanza per i Carabinieri di essere protagonisti affidabili, al servizio delle Comunit\u00e0\u201d.<\/em><\/p>\n<p>Rivolgendosi ai militari, ha espresso il suo \u201c<em>pi\u00f9 sincero apprezzamento per il lavoro svolto e i risultati raggiunti\u201d, incoraggiandoli \u201ca mantenere un livello eccellente di professionalit\u00e0\u201d.<\/em> Ha inoltre evidenziato come <em>\u201cla rettitudine\u201d del Carabiniere sia \u201cun esempio di affidabilit\u00e0 per l\u2019intera comunit\u00e0\u201d<\/em>.<\/p>\n<p>Il Comandante della Legione ha anche elogiato <em>\u201cl\u2019instancabile opera di diffusione della cultura della legalit\u00e0, un\u2019attivit\u00e0 che la Stazione Uditore svolge regolarmente, accogliendo ogni anno numerose scolaresche. Impegno quest\u2019ultimo che testimonia la volont\u00e0 di costruire un futuro in cui la legalit\u00e0 sia un valore radicato nelle nuove generazioni\u201d.<\/em><\/p>\n<p>-Foto ufficio stampa Carabinieri-<br \/>\n(ITALPRESS).<\/p>\n<\/div>\n","protected":false},"excerpt":{"rendered":"<p>PALERMO (ITALPRESS) \u2013 Il Comandante della Legione Carabinieri \u201cSicilia\u201d, il Generale di Brigata Ubaldo Del Monaco, si \u00e8 recato in visita alla Stazione di Palermo \u2013 Uditore, ex covo del boss mafioso Tot\u00f2 Riina. E\u2019 quanto si legge in una nota. \u201cLa scelta di effettuare la prima visita ai presidi cittadini, partendo dalla caserma di [&hellip;]<\/p>\n","protected":false},"author":18,"featured_media":249223,"comment_status":"closed","ping_status":"closed","sticky":false,"template":"","format":"standard","meta":{"ub_ctt_via":"","_mi_skip_tracking":false},"categories":[6,2449],"tags":[783],"featured_image_src":"https:\/\/www.messinaoggi.it\/website\/wp-content\/uploads\/2025\/09\/WhatsApp-Image-2025-09-02-at-17.43.49.jpeg","author_info":{"display_name":"Admin","author_link":"https:\/\/www.messinaoggi.it\/website\/author\/admin\/"},"digistream_id":0,"digistream":false,"_links":{"self":[{"href":"https:\/\/www.messinaoggi.it\/website\/wp-json\/wp\/v2\/posts\/249222"}],"collection":[{"href":"https:\/\/www.messinaoggi.it\/website\/wp-json\/wp\/v2\/posts"}],"about":[{"href":"https:\/\/www.messinaoggi.it\/website\/wp-json\/wp\/v2\/types\/post"}],"author":[{"embeddable":true,"href":"https:\/\/www.messinaoggi.it\/website\/wp-json\/wp\/v2\/users\/18"}],"replies":[{"embeddable":true,"href":"https:\/\/www.messinaoggi.it\/website\/wp-json\/wp\/v2\/comments?post=249222"}],"version-history":[{"count":1,"href":"https:\/\/www.messinaoggi.it\/website\/wp-json\/wp\/v2\/posts\/249222\/revisions"}],"predecessor-version":[{"id":249232,"href":"https:\/\/www.messinaoggi.it\/website\/wp-json\/wp\/v2\/posts\/249222\/revisions\/249232"}],"wp:featuredmedia":[{"embeddable":true,"href":"https:\/\/www.messinaoggi.it\/website\/wp-json\/wp\/v2\/media\/249223"}],"wp:attachment":[{"href":"https:\/\/www.messinaoggi.it\/website\/wp-json\/wp\/v2\/media?parent=249222"}],"wp:term":[{"taxonomy":"category","embeddable":true,"href":"https:\/\/www.messinaoggi.it\/website\/wp-json\/wp\/v2\/categories?post=249222"},{"taxonomy":"post_tag","embeddable":true,"href":"https:\/\/www.messinaoggi.it\/website\/wp-json\/wp\/v2\/tags?post=249222"}],"curies":[{"name":"wp","href":"https:\/\/api.w.org\/{rel}","templated":true}]}}