{"id":249220,"date":"2025-09-03T00:30:31","date_gmt":"2025-09-02T22:30:31","guid":{"rendered":"https:\/\/www.messinaoggi.it\/website\/2025\/09\/02\/criminalita-antoci-lesperienza-italiana-diventi-modello-europeo\/"},"modified":"2025-09-03T10:38:19","modified_gmt":"2025-09-03T08:38:19","slug":"criminalita-antoci-lesperienza-italiana-diventi-modello-europeo","status":"publish","type":"post","link":"https:\/\/www.messinaoggi.it\/website\/2025\/09\/03\/criminalita-antoci-lesperienza-italiana-diventi-modello-europeo\/","title":{"rendered":"Criminalit\u00e0, Antoci \u201cL\u2019esperienza italiana diventi modello europeo\u201d"},"content":{"rendered":"<div>\n<p>PALERMO (ITALPRESS) \u2013 Il prossimo 16 settembre Messina ospiter\u00e0 il convegno \u201cCriminalit\u00e0 nazionale e transnazionale, strumenti e obiettivi in Italia e in Europa\u201d, un appuntamento che riporta alla memoria la Conferenza del 1955, da cui prese slancio l\u2019integrazione comunitaria. Oggi, cos\u00ec come allora, il messaggio che si intende lanciare all\u2019Europa \u00e8 chiaro: serve un impegno corale.<br \/>\u201cE\u2019 un convegno al quale parteciperanno le pi\u00f9 alte autorit\u00e0 giudiziarie, politiche, europee, compresa la presidente del Parlamento Europeo, il Segretario Generale, il Ministro dell\u2019Interno, il Procuratore Nazionale Antimafia, i procuratori distrettuali \u2013 dice all\u2019Italpress l\u2019europarlamentare Giuseppe Antoci, tra i promotori dell\u2019iniziativa -. Ci saranno anche studiosi e docenti. Vogliamo lanciare un messaggio proprio da Messina. Ripartiamo da qui. Serve tracciare la strada da portare avanti per combattere il crimine transnazionale. Oggi i colleghi parlamentari al Parlamento europeo ma anche le istituzioni e i paesi membri hanno capito che sulla lotta al crimine organizzato bisogna fare squadra. Noi cominciamo a fare squadra da Messina\u201d.<br \/>Il dibattito non si limiter\u00e0 agli schemi tradizionali della lotta alle mafie. Sul tavolo ci saranno temi di frontiera: criptovalute, intelligenza artificiale, riciclaggio internazionale, uso illecito dei fondi europei, incluso il Pnrr. Settori in cui la criminalit\u00e0 organizzata sta dimostrando una capacit\u00e0 di adattamento impressionante: \u201cNel panel dedicato a questi temi ci sono Europol, Eurojust, EPPO e la nuova agenzia AMLA per la lotta al riciclaggio\u201d, spiega Antoci. \u201cI vertici di queste agenzie si confronteranno con i vertici investigativi del nostro Paese \u2013 dal capo dello SCO al capo del ROS e dello SCICO. Le collaborazioni gi\u00e0 esistono e funzionano, ma \u00e8 chiaro che bisogna affinare i sistemi. Questo tavolo serve proprio a questo: capire cosa manca e, soprattutto, cosa occorre sotto il profilo legislativo per migliorare il coordinamento\u201d.<br \/>Il cuore politico dell\u2019iniziativa, per\u00f2, va oltre la cooperazione operativa. A Messina si discuter\u00e0 di un progetto che potrebbe cambiare radicalmente il quadro europeo: l\u2019armonizzazione dei sistemi penali. Un obiettivo ambizioso, ma sempre pi\u00f9 necessario per contrastare un crimine che non conosce confini.<br \/>Serve per \u201cdare senso soprattutto alle norme che sono state create nel nostro Paese, molto spesso con il sangue \u2013 ha sottolineato Antoci -. Noi vogliamo prendere quell\u2019esperienza e trasformarla in patrimonio comune europeo. Questo convegno deve diventare seme, e gli atti che produrremo circoleranno nei parlamenti nazionali e in quello europeo con un messaggio chiaro: armonizzare i sistemi penali significa difendere i cittadini europei dalla criminalit\u00e0 organizzata. Fare squadra \u00e8 una necessit\u00e0, e partire dalle migliori esperienze, come quella italiana, serve non solo a proteggere i cittadini, ma anche a dare senso a coloro che per queste norme hanno perso la vita\u201d. <br \/>Se la Carta di Messina del 1955 fu il preludio all\u2019Europa unita, l\u2019appuntamento del 16 settembre potrebbe diventare l\u2019atto fondativo di una nuova stagione di cooperazione nella lotta alla criminalit\u00e0 organizzata e transnazionale. Una sfida che richiede disciplina, coraggio e la capacit\u00e0 di trasformare l\u2019esperienza italiana in modello europeo. Messina \u2013 quindi \u2013 si candida, ancora una volta, a essere laboratorio di futuro.<div id=\"div-gpt-ad-Messinaoggi.it-DSK-300x250-corpoart\" style=\"text-align:center;margin:0 auto;\"><\/div><\/p>\n<p>Fonte foto: Italpress<br \/>(ITALPRESS).<div id=\"videoincontent\" style=\"clear:both\";><\/div><\/p>\n<\/div>\n","protected":false},"excerpt":{"rendered":"<p>PALERMO (ITALPRESS) \u2013 Il prossimo 16 settembre Messina ospiter\u00e0 il convegno \u201cCriminalit\u00e0 nazionale e transnazionale, strumenti e obiettivi in Italia e in Europa\u201d, un appuntamento che riporta alla memoria la Conferenza del 1955, da cui prese slancio l\u2019integrazione comunitaria. Oggi, cos\u00ec come allora, il messaggio che si intende lanciare all\u2019Europa \u00e8 chiaro: serve un impegno [&hellip;]<\/p>\n","protected":false},"author":18,"featured_media":249221,"comment_status":"closed","ping_status":"closed","sticky":false,"template":"","format":"standard","meta":{"ub_ctt_via":"","_mi_skip_tracking":false},"categories":[4,6,2449],"tags":[783],"featured_image_src":"https:\/\/www.messinaoggi.it\/website\/wp-content\/uploads\/2025\/09\/20250902_1685.jpg","author_info":{"display_name":"Admin","author_link":"https:\/\/www.messinaoggi.it\/website\/author\/admin\/"},"digistream_id":0,"digistream":false,"_links":{"self":[{"href":"https:\/\/www.messinaoggi.it\/website\/wp-json\/wp\/v2\/posts\/249220"}],"collection":[{"href":"https:\/\/www.messinaoggi.it\/website\/wp-json\/wp\/v2\/posts"}],"about":[{"href":"https:\/\/www.messinaoggi.it\/website\/wp-json\/wp\/v2\/types\/post"}],"author":[{"embeddable":true,"href":"https:\/\/www.messinaoggi.it\/website\/wp-json\/wp\/v2\/users\/18"}],"replies":[{"embeddable":true,"href":"https:\/\/www.messinaoggi.it\/website\/wp-json\/wp\/v2\/comments?post=249220"}],"version-history":[{"count":1,"href":"https:\/\/www.messinaoggi.it\/website\/wp-json\/wp\/v2\/posts\/249220\/revisions"}],"predecessor-version":[{"id":249233,"href":"https:\/\/www.messinaoggi.it\/website\/wp-json\/wp\/v2\/posts\/249220\/revisions\/249233"}],"wp:featuredmedia":[{"embeddable":true,"href":"https:\/\/www.messinaoggi.it\/website\/wp-json\/wp\/v2\/media\/249221"}],"wp:attachment":[{"href":"https:\/\/www.messinaoggi.it\/website\/wp-json\/wp\/v2\/media?parent=249220"}],"wp:term":[{"taxonomy":"category","embeddable":true,"href":"https:\/\/www.messinaoggi.it\/website\/wp-json\/wp\/v2\/categories?post=249220"},{"taxonomy":"post_tag","embeddable":true,"href":"https:\/\/www.messinaoggi.it\/website\/wp-json\/wp\/v2\/tags?post=249220"}],"curies":[{"name":"wp","href":"https:\/\/api.w.org\/{rel}","templated":true}]}}